{"id":364,"date":"2013-07-24T18:53:00","date_gmt":"2013-07-24T21:53:00","guid":{"rendered":"https:\/\/blogs.correiobraziliense.com.br\/consumidor\/guaraviton_e_retirado_do_mercado_por_conter_substancia_estranha\/"},"modified":"2013-07-24T18:53:00","modified_gmt":"2013-07-24T21:53:00","slug":"guaraviton_e_retirado_do_mercado_por_conter_substancia_estranha","status":"publish","type":"post","link":"https:\/\/blogs.correiobraziliense.com.br\/consumidor\/guaraviton_e_retirado_do_mercado_por_conter_substancia_estranha\/","title":{"rendered":"Guaraviton \u00e9 retirado do mercado por conter subst\u00e2ncia estranha"},"content":{"rendered":"\n<p>A den\u00fancia de um consumidor de que o energ\u00e9tico Guaraviton estaria com uma subst\u00e2ncia estranha na composi\u00e7\u00e3o levou o Procon-DF e a Vigil\u00e2ncia Sanit\u00e1ria a retirarem o produto do mercado.     <\/p>\n<p>Na tarde de hoje, os dois \u00f3rg\u00e3os fizeram uma opera\u00e7\u00e3o para recolher amostras do produto e enviar para an\u00e1lise. A medida \u00e9 preventiva. As autoridades ainda n\u00e3o sabem qual \u00e9 a subst\u00e2ncia e se ela faz mal ou n\u00e3o \u00e0 sa\u00fade dos consumidores.      <\/p>\n<p>No  dia 17 deste m\u00eas, um homem procurou o a sede do Procon com duas garrafas de  Guaraviton, sendo uma aberta e outra lacrada. As duas foram recolhidas para  an\u00e1lise. O consumidor tamb\u00e9m apresentou um atestado m\u00e9dico. Ele relatou ao  atendente que, depois de tomar a bebida, sentiu n\u00e1useas, fortes dores de cabe\u00e7a  e v\u00f4mito. O homem procurou um hospital e recebeu um atestado m\u00e9dico, confirmando  os sintomas.&nbsp;     <\/p>\n<p>A  partir dos ind\u00edcios, o Procon enviou funcion\u00e1rios \u00e0 paisana ao mesmo mercado no  qual o homem havia feito a compra. Eles tamb\u00e9m identificaram subst\u00e2ncias  estranhas dentro das garrafas. Nesse momento, o \u00f3rg\u00e3o de defesa do consumidor  acionou a Vigil\u00e2ncia Sanit\u00e1ria. Por volta das 15h, as equipes dos dois \u00f3rg\u00e3os  estiveram na Super Adega para recolher oficialmente amostras do produto. Pelo  menos tr\u00eas lotes apresentaram altera\u00e7\u00f5es suspeitas: 05L04, 01L03 e 01L04.&nbsp; <\/p>\n<p>Pelo  menos at\u00e9 que os laudos sejam conclu\u00eddos, a venda do produto est\u00e1 proibida no  DF. As amostras v\u00e3o ser enviadas ao Laborat\u00f3rio Central de Sa\u00fade P\u00fablica do  DF(Lacen), que deve levar pelo menos 30 dias para entregar o relat\u00f3rio sobre o  caso.  <\/p>\n<p>Amanh\u00e3 o  Di\u00e1rio Oficial do Distrito Federal vai oficializar a ordem do governo de retirada dos lotes da bebida. De acordo com  o diretor-geral do Procon, Todi Moreno, \u00e9 a primeira vez que o \u00f3rg\u00e3o toma uma  decis\u00e3o semelhante. \u201cN\u00e3o podemos colocar em risco a sa\u00fade do consumidor,  considerando que um deles nos levou um atestado m\u00e9dico e duas garrafas com a  subst\u00e2ncia\u201d, explicou. Al\u00e9m de uma reclama\u00e7\u00e3o feita pessoalmente, o \u00f3rg\u00e3o  registrou v\u00e1rias den\u00fancias por meio do telefone 151.  <\/p>\n<p> O Blog do Consumidor tentou entrar em contato com a empresa, mas at\u00e9 a publica\u00e7\u00e3o deste post, n\u00e3o conseguiu.      <\/p>\n<p>Texto: Ana Pompeu     <\/p>\n","protected":false},"excerpt":{"rendered":"<p>A den\u00fancia de um consumidor de que o energ\u00e9tico Guaraviton estaria com uma subst\u00e2ncia estranha na composi\u00e7\u00e3o levou o Procon-DF e a Vigil\u00e2ncia Sanit\u00e1ria a retirarem o produto do mercado. Na tarde de hoje, os dois \u00f3rg\u00e3os fizeram uma opera\u00e7\u00e3o para recolher amostras do produto e enviar para an\u00e1lise. A medida \u00e9 preventiva. As autoridades ainda n\u00e3o sabem qual \u00e9 [&hellip;]<\/p>\n","protected":false},"author":28,"featured_media":0,"comment_status":"open","ping_status":"open","sticky":false,"template":"","format":"standard","meta":{"footnotes":""},"categories":[1],"tags":[],"class_list":["post-364","post","type-post","status-publish","format-standard","hentry","category-sem-categoria"],"_links":{"self":[{"href":"https:\/\/blogs.correiobraziliense.com.br\/consumidor\/wp-json\/wp\/v2\/posts\/364","targetHints":{"allow":["GET"]}}],"collection":[{"href":"https:\/\/blogs.correiobraziliense.com.br\/consumidor\/wp-json\/wp\/v2\/posts"}],"about":[{"href":"https:\/\/blogs.correiobraziliense.com.br\/consumidor\/wp-json\/wp\/v2\/types\/post"}],"author":[{"embeddable":true,"href":"https:\/\/blogs.correiobraziliense.com.br\/consumidor\/wp-json\/wp\/v2\/users\/28"}],"replies":[{"embeddable":true,"href":"https:\/\/blogs.correiobraziliense.com.br\/consumidor\/wp-json\/wp\/v2\/comments?post=364"}],"version-history":[{"count":0,"href":"https:\/\/blogs.correiobraziliense.com.br\/consumidor\/wp-json\/wp\/v2\/posts\/364\/revisions"}],"wp:attachment":[{"href":"https:\/\/blogs.correiobraziliense.com.br\/consumidor\/wp-json\/wp\/v2\/media?parent=364"}],"wp:term":[{"taxonomy":"category","embeddable":true,"href":"https:\/\/blogs.correiobraziliense.com.br\/consumidor\/wp-json\/wp\/v2\/categories?post=364"},{"taxonomy":"post_tag","embeddable":true,"href":"https:\/\/blogs.correiobraziliense.com.br\/consumidor\/wp-json\/wp\/v2\/tags?post=364"}],"curies":[{"name":"wp","href":"https:\/\/api.w.org\/{rel}","templated":true}]}}