{"id":353,"date":"2013-06-24T17:56:00","date_gmt":"2013-06-24T20:56:00","guid":{"rendered":"https:\/\/blogs.correiobraziliense.com.br\/consumidor\/ans_prolonga_prazo_para_usuarios_da_unimed_brasilia_trocarem_de_operadora\/"},"modified":"2013-06-24T17:56:00","modified_gmt":"2013-06-24T20:56:00","slug":"ans_prolonga_prazo_para_usuarios_da_unimed_brasilia_trocarem_de_operadora","status":"publish","type":"post","link":"https:\/\/blogs.correiobraziliense.com.br\/consumidor\/ans_prolonga_prazo_para_usuarios_da_unimed_brasilia_trocarem_de_operadora\/","title":{"rendered":"ANS prolonga prazo para usu\u00e1rios da Unimed Bras\u00edlia trocarem de operadora"},"content":{"rendered":"\n<p>Os usu\u00e1rios da Unimed Bras\u00edlia que ainda n\u00e3o conseguiram trocar de operadora ter\u00e3o mais tempo para faz\u00ea-lo. A Ag\u00eancia Nacional de S\u00e1ude Suplementar (ANS) ampliou o prazo de portabilidade especial para 18 de agosto. Com isso, os interessados em trocar a Unimed Bras\u00edlia poder\u00e3o ser aceitos em outros planos de sa\u00fade sem ter que cumprir os per\u00edodos de car\u00eancia.   <\/p>\n<p>A ANS abriu essa brecha por conta da crise financeira da operadora e da interven\u00e7\u00e3o que a empresa passa. Aumentando o prazo da portabilidade, a ag\u00eancia espera diminuir as chances de interrup\u00e7\u00e3o da assist\u00eancia aos benefici\u00e1rios. A carteira de clientes da Unimed Bras\u00edlia era de 20 mil at\u00e9 o in\u00edcio da crise em 2011.  <\/p>\n<p>Leia mais: <a href=\"http:\/\/www.dzai.com.br\/blogconsumidor\/blog\/blogconsumidor?tv_pos_id=127969\">Usu\u00e1rios da Unimed ter\u00e3o direito a portabilidade especial<\/a>  <\/p>\n<p>Entenda o caso:   <\/p>\n<p>Em 2011, a ANS determinou a aliena\u00e7\u00e3o da carteira de clientes da Unimed &#8220;considerando as anormalidades econ\u00f4mico-financeiras e  administrativas graves que colocam em risco a continuidade do  atendimento \u00e0 sa\u00fade&#8221;. Segundo a  ANS, a empresa acumulava d\u00edvida de R$ 94 milh\u00f5es. A Unimed chegou a recorrer \u00e0 interven\u00e7\u00e3o da ANS, mas n\u00e3o conseguiu quitar as d\u00edvidas.   <\/p>\n","protected":false},"excerpt":{"rendered":"<p>Os usu\u00e1rios da Unimed Bras\u00edlia que ainda n\u00e3o conseguiram trocar de operadora ter\u00e3o mais tempo para faz\u00ea-lo. A Ag\u00eancia Nacional de S\u00e1ude Suplementar (ANS) ampliou o prazo de portabilidade especial para 18 de agosto. Com isso, os interessados em trocar a Unimed Bras\u00edlia poder\u00e3o ser aceitos em outros planos de sa\u00fade sem ter que cumprir os per\u00edodos de car\u00eancia. A [&hellip;]<\/p>\n","protected":false},"author":28,"featured_media":0,"comment_status":"open","ping_status":"open","sticky":false,"template":"","format":"standard","meta":{"footnotes":""},"categories":[1],"tags":[],"class_list":["post-353","post","type-post","status-publish","format-standard","hentry","category-sem-categoria"],"_links":{"self":[{"href":"https:\/\/blogs.correiobraziliense.com.br\/consumidor\/wp-json\/wp\/v2\/posts\/353","targetHints":{"allow":["GET"]}}],"collection":[{"href":"https:\/\/blogs.correiobraziliense.com.br\/consumidor\/wp-json\/wp\/v2\/posts"}],"about":[{"href":"https:\/\/blogs.correiobraziliense.com.br\/consumidor\/wp-json\/wp\/v2\/types\/post"}],"author":[{"embeddable":true,"href":"https:\/\/blogs.correiobraziliense.com.br\/consumidor\/wp-json\/wp\/v2\/users\/28"}],"replies":[{"embeddable":true,"href":"https:\/\/blogs.correiobraziliense.com.br\/consumidor\/wp-json\/wp\/v2\/comments?post=353"}],"version-history":[{"count":0,"href":"https:\/\/blogs.correiobraziliense.com.br\/consumidor\/wp-json\/wp\/v2\/posts\/353\/revisions"}],"wp:attachment":[{"href":"https:\/\/blogs.correiobraziliense.com.br\/consumidor\/wp-json\/wp\/v2\/media?parent=353"}],"wp:term":[{"taxonomy":"category","embeddable":true,"href":"https:\/\/blogs.correiobraziliense.com.br\/consumidor\/wp-json\/wp\/v2\/categories?post=353"},{"taxonomy":"post_tag","embeddable":true,"href":"https:\/\/blogs.correiobraziliense.com.br\/consumidor\/wp-json\/wp\/v2\/tags?post=353"}],"curies":[{"name":"wp","href":"https:\/\/api.w.org\/{rel}","templated":true}]}}