{"id":352,"date":"2013-06-24T17:26:00","date_gmt":"2013-06-24T20:26:00","guid":{"rendered":"https:\/\/blogs.correiobraziliense.com.br\/consumidor\/ministerio_publico_do_parana_notifica_batavo_e_brf_por_leite_adulterado\/"},"modified":"2013-06-24T17:26:00","modified_gmt":"2013-06-24T20:26:00","slug":"ministerio_publico_do_parana_notifica_batavo_e_brf_por_leite_adulterado","status":"publish","type":"post","link":"https:\/\/blogs.correiobraziliense.com.br\/consumidor\/ministerio_publico_do_parana_notifica_batavo_e_brf_por_leite_adulterado\/","title":{"rendered":"Minist\u00e9rio P\u00fablico do Paran\u00e1 notifica Batavo e BRF por leite adulterado"},"content":{"rendered":"\n<p>O Minist\u00e9rio P\u00fablico do Paran\u00e1 notificou a Brasil Food S.A (BRF) e a Batavo a prestarem informa\u00e7\u00f5es no inqu\u00e9rito civil que investiga adultera\u00e7\u00e3o no leite. A chamada ocorreu depois que o Minist\u00e9rio P\u00fablico teve acesso a laudos da Vigil\u00e2ncia Sanit\u00e1ria que apontavam a presen\u00e7a de formalde\u00eddo no leite UHT da marca Batavo, enriquecido com c\u00e1lcio. <\/p>\n<p>A subst\u00e2ncia foi detectada em amostras recolhidas em estabelecimentos comerciais do Paran\u00e1. Os produtos pertencem aos lotes TT\/04\/ER e TT\/04\/DP produzidos no dia 28 de fevereiro de 2013 e com vencimento previsto para 28 de junho de 2013. <\/p>\n<p>As mercadorias foram retiradas do mercado. Quem tiver comprado o leite desse lote n\u00e3o deve consum\u00ed-lo. A orienta\u00e7\u00e3o \u00e9 que envie o produto para o MP do Paran\u00e1. <\/p>\n","protected":false},"excerpt":{"rendered":"<p>O Minist\u00e9rio P\u00fablico do Paran\u00e1 notificou a Brasil Food S.A (BRF) e a Batavo a prestarem informa\u00e7\u00f5es no inqu\u00e9rito civil que investiga adultera\u00e7\u00e3o no leite. A chamada ocorreu depois que o Minist\u00e9rio P\u00fablico teve acesso a laudos da Vigil\u00e2ncia Sanit\u00e1ria que apontavam a presen\u00e7a de formalde\u00eddo no leite UHT da marca Batavo, enriquecido com c\u00e1lcio. A subst\u00e2ncia foi detectada em [&hellip;]<\/p>\n","protected":false},"author":28,"featured_media":0,"comment_status":"open","ping_status":"open","sticky":false,"template":"","format":"standard","meta":{"footnotes":""},"categories":[1],"tags":[],"class_list":["post-352","post","type-post","status-publish","format-standard","hentry","category-sem-categoria"],"_links":{"self":[{"href":"https:\/\/blogs.correiobraziliense.com.br\/consumidor\/wp-json\/wp\/v2\/posts\/352","targetHints":{"allow":["GET"]}}],"collection":[{"href":"https:\/\/blogs.correiobraziliense.com.br\/consumidor\/wp-json\/wp\/v2\/posts"}],"about":[{"href":"https:\/\/blogs.correiobraziliense.com.br\/consumidor\/wp-json\/wp\/v2\/types\/post"}],"author":[{"embeddable":true,"href":"https:\/\/blogs.correiobraziliense.com.br\/consumidor\/wp-json\/wp\/v2\/users\/28"}],"replies":[{"embeddable":true,"href":"https:\/\/blogs.correiobraziliense.com.br\/consumidor\/wp-json\/wp\/v2\/comments?post=352"}],"version-history":[{"count":0,"href":"https:\/\/blogs.correiobraziliense.com.br\/consumidor\/wp-json\/wp\/v2\/posts\/352\/revisions"}],"wp:attachment":[{"href":"https:\/\/blogs.correiobraziliense.com.br\/consumidor\/wp-json\/wp\/v2\/media?parent=352"}],"wp:term":[{"taxonomy":"category","embeddable":true,"href":"https:\/\/blogs.correiobraziliense.com.br\/consumidor\/wp-json\/wp\/v2\/categories?post=352"},{"taxonomy":"post_tag","embeddable":true,"href":"https:\/\/blogs.correiobraziliense.com.br\/consumidor\/wp-json\/wp\/v2\/tags?post=352"}],"curies":[{"name":"wp","href":"https:\/\/api.w.org\/{rel}","templated":true}]}}