{"id":349,"date":"2013-06-19T12:38:00","date_gmt":"2013-06-19T15:38:00","guid":{"rendered":"https:\/\/blogs.correiobraziliense.com.br\/consumidor\/gasto_com_transporte_publico_subiu_quase_o_dobro_da_inflacao_\/"},"modified":"2013-06-19T12:38:00","modified_gmt":"2013-06-19T15:38:00","slug":"gasto_com_transporte_publico_subiu_quase_o_dobro_da_inflacao_","status":"publish","type":"post","link":"https:\/\/blogs.correiobraziliense.com.br\/consumidor\/gasto_com_transporte_publico_subiu_quase_o_dobro_da_inflacao_\/","title":{"rendered":"Gasto com transporte p\u00fablico subiu quase o dobro da infla\u00e7\u00e3o"},"content":{"rendered":"\n<p>V\u00e1rios cartazes expostos por manifestantes durante os protestos vinham com a mensagem: &#8220;N\u00e3o \u00e9 s\u00f3 R$ 0,20&#8221; em rela\u00e7\u00e3o ao pre\u00e7o do transporte coletivo. E realmente n\u00e3o \u00e9. Em uma an\u00e1lise do comportamento do pre\u00e7o do servi\u00e7o nos \u00faltimos 20 anos &#8211; desde a implanta\u00e7\u00e3o do Plano Real &#8211; os reajustes atingiram 647,21% enquanto a infla\u00e7\u00e3o no mesmo per\u00edodo foi de 332,33%, de acordo com os dados do \u00cdndice de Pre\u00e7os ao Consumidor Amplo (IPCA).  <\/p>\n<p>O que significa que desde o in\u00edcio do Plano Real, o pre\u00e7o do transporte p\u00fablico subiu mais de seis vezes, enquanto a infla\u00e7\u00e3o avan\u00e7ou tr\u00eas.   <\/p>\n<p>O gasto com mobilidade nos \u00faltimos 20 anos ficou em segundo lugar entre os itens que mais afetam o or\u00e7amento dom\u00e9stico. Apenas o aluguel subiu mais que o transporte. Nos \u00fatlimos 20 anos aumentou 773,11%, mais que o dobro da infla\u00e7\u00e3o acumulada no per\u00edodo.   <\/p>\n<p>Com informa\u00e7\u00f5es de Victor Martins<br style=\"font-style: italic\">  <\/p>\n","protected":false},"excerpt":{"rendered":"<p>V\u00e1rios cartazes expostos por manifestantes durante os protestos vinham com a mensagem: &#8220;N\u00e3o \u00e9 s\u00f3 R$ 0,20&#8221; em rela\u00e7\u00e3o ao pre\u00e7o do transporte coletivo. E realmente n\u00e3o \u00e9. Em uma an\u00e1lise do comportamento do pre\u00e7o do servi\u00e7o nos \u00faltimos 20 anos &#8211; desde a implanta\u00e7\u00e3o do Plano Real &#8211; os reajustes atingiram 647,21% enquanto a infla\u00e7\u00e3o no mesmo per\u00edodo foi [&hellip;]<\/p>\n","protected":false},"author":28,"featured_media":0,"comment_status":"open","ping_status":"open","sticky":false,"template":"","format":"standard","meta":{"footnotes":""},"categories":[1],"tags":[],"class_list":["post-349","post","type-post","status-publish","format-standard","hentry","category-sem-categoria"],"_links":{"self":[{"href":"https:\/\/blogs.correiobraziliense.com.br\/consumidor\/wp-json\/wp\/v2\/posts\/349","targetHints":{"allow":["GET"]}}],"collection":[{"href":"https:\/\/blogs.correiobraziliense.com.br\/consumidor\/wp-json\/wp\/v2\/posts"}],"about":[{"href":"https:\/\/blogs.correiobraziliense.com.br\/consumidor\/wp-json\/wp\/v2\/types\/post"}],"author":[{"embeddable":true,"href":"https:\/\/blogs.correiobraziliense.com.br\/consumidor\/wp-json\/wp\/v2\/users\/28"}],"replies":[{"embeddable":true,"href":"https:\/\/blogs.correiobraziliense.com.br\/consumidor\/wp-json\/wp\/v2\/comments?post=349"}],"version-history":[{"count":0,"href":"https:\/\/blogs.correiobraziliense.com.br\/consumidor\/wp-json\/wp\/v2\/posts\/349\/revisions"}],"wp:attachment":[{"href":"https:\/\/blogs.correiobraziliense.com.br\/consumidor\/wp-json\/wp\/v2\/media?parent=349"}],"wp:term":[{"taxonomy":"category","embeddable":true,"href":"https:\/\/blogs.correiobraziliense.com.br\/consumidor\/wp-json\/wp\/v2\/categories?post=349"},{"taxonomy":"post_tag","embeddable":true,"href":"https:\/\/blogs.correiobraziliense.com.br\/consumidor\/wp-json\/wp\/v2\/tags?post=349"}],"curies":[{"name":"wp","href":"https:\/\/api.w.org\/{rel}","templated":true}]}}