{"id":344,"date":"2013-06-05T12:24:00","date_gmt":"2013-06-05T15:24:00","guid":{"rendered":"https:\/\/blogs.correiobraziliense.com.br\/consumidor\/bmw_chama_502_veiculos_de_sete_modelos_diferentes_para_recall\/"},"modified":"2013-06-05T12:24:00","modified_gmt":"2013-06-05T15:24:00","slug":"bmw_chama_502_veiculos_de_sete_modelos_diferentes_para_recall","status":"publish","type":"post","link":"https:\/\/blogs.correiobraziliense.com.br\/consumidor\/bmw_chama_502_veiculos_de_sete_modelos_diferentes_para_recall\/","title":{"rendered":"BMW chama 502 ve\u00edculos de sete modelos diferentes para recall"},"content":{"rendered":"\n<p>Os propriet\u00e1rios de ve\u00edculos BMW devem ficar atentos ao chamamento da montadora para inspe\u00e7\u00e3o e, se necess\u00e1rio, substitui\u00e7\u00e3o do airbag do passageiro dianteiro a partir do dia 10 de junho. Os modelos que devem ser levados \u00e0s concession\u00e1rias para an\u00e1lise s\u00e3o: BMW 320i\/A, 325i\/A, 325 Ci\/A, 330i\/A, 330Ci\/A, 330 SMG Motosport e M3 Coup\u00e9, fabricados entre dezembro de 2001 e mar\u00e7o de 2003.   <\/p>\n<p>No total s\u00e3o 502 ve\u00edculos. De acordo com a empresa o airbag pode n\u00e3o se abrir ou, em alguns casos, abrir-se al\u00e9m do necess\u00e1rio, o que em caso de colis\u00f5es &#8220;pode acarretar risco de inc\u00eandio ao ve\u00edculo, bem como danos materiais e f\u00edsicos aos ocupantes&#8221;, alerta o comunicado da empresa.   <\/p>\n<p>Mais informa\u00e7\u00f5es no <a href=\"www.bmw.com.br\">site<\/a> da empresa ou pelo telefone 0800 707 3578.  <\/p>\n<p>Lembrando que os chassis que devem comparecer \u00e0s concession\u00e1rias s\u00e3o:  <\/p>\n<p>&gt;&gt; Modelo 320i\/A:  <\/p>\n<p>CG51492 a CG52677 e KK70901 a KK72485   <\/p>\n<p>&nbsp;  <\/p>\n<p>&gt;&gt; Modelo 325i\/A:  <\/p>\n<p>&nbsp;KL36091 a  KL46909   <\/p>\n<p>&gt;&gt; Modelo 325Ci\/A:  <\/p>\n<p>JW22148  <\/p>\n<p>&gt;&gt; Modelo 330i\/A  <\/p>\n<p>KN50480 a KN51280 e  PE00566 a PE00690  <\/p>\n<p>&gt;&gt; Modelo 330Ci\/A  <\/p>\n<p>&nbsp;EH34982 a EH35595  <\/p>\n<p>&gt;&gt;Modelo 330i  <\/p>\n<p>KM65703 a KM65775   <\/p>\n<p>&gt;&gt; Modelo M3 Coup\u00e9  <\/p>\n<p>&nbsp;JP81009 a JP83974  <\/p>\n<p>&nbsp;  <\/p>\n","protected":false},"excerpt":{"rendered":"<p>Os propriet\u00e1rios de ve\u00edculos BMW devem ficar atentos ao chamamento da montadora para inspe\u00e7\u00e3o e, se necess\u00e1rio, substitui\u00e7\u00e3o do airbag do passageiro dianteiro a partir do dia 10 de junho. Os modelos que devem ser levados \u00e0s concession\u00e1rias para an\u00e1lise s\u00e3o: BMW 320i\/A, 325i\/A, 325 Ci\/A, 330i\/A, 330Ci\/A, 330 SMG Motosport e M3 Coup\u00e9, fabricados entre dezembro de 2001 e [&hellip;]<\/p>\n","protected":false},"author":28,"featured_media":0,"comment_status":"open","ping_status":"open","sticky":false,"template":"","format":"standard","meta":{"footnotes":""},"categories":[1],"tags":[],"class_list":["post-344","post","type-post","status-publish","format-standard","hentry","category-sem-categoria"],"_links":{"self":[{"href":"https:\/\/blogs.correiobraziliense.com.br\/consumidor\/wp-json\/wp\/v2\/posts\/344","targetHints":{"allow":["GET"]}}],"collection":[{"href":"https:\/\/blogs.correiobraziliense.com.br\/consumidor\/wp-json\/wp\/v2\/posts"}],"about":[{"href":"https:\/\/blogs.correiobraziliense.com.br\/consumidor\/wp-json\/wp\/v2\/types\/post"}],"author":[{"embeddable":true,"href":"https:\/\/blogs.correiobraziliense.com.br\/consumidor\/wp-json\/wp\/v2\/users\/28"}],"replies":[{"embeddable":true,"href":"https:\/\/blogs.correiobraziliense.com.br\/consumidor\/wp-json\/wp\/v2\/comments?post=344"}],"version-history":[{"count":0,"href":"https:\/\/blogs.correiobraziliense.com.br\/consumidor\/wp-json\/wp\/v2\/posts\/344\/revisions"}],"wp:attachment":[{"href":"https:\/\/blogs.correiobraziliense.com.br\/consumidor\/wp-json\/wp\/v2\/media?parent=344"}],"wp:term":[{"taxonomy":"category","embeddable":true,"href":"https:\/\/blogs.correiobraziliense.com.br\/consumidor\/wp-json\/wp\/v2\/categories?post=344"},{"taxonomy":"post_tag","embeddable":true,"href":"https:\/\/blogs.correiobraziliense.com.br\/consumidor\/wp-json\/wp\/v2\/tags?post=344"}],"curies":[{"name":"wp","href":"https:\/\/api.w.org\/{rel}","templated":true}]}}