{"id":333,"date":"2013-04-24T15:02:00","date_gmt":"2013-04-24T18:02:00","guid":{"rendered":"https:\/\/blogs.correiobraziliense.com.br\/consumidor\/negativa_de_cobertura_sera_criterio_para_suspensao_de_plano_de_saude\/"},"modified":"2013-04-24T15:02:00","modified_gmt":"2013-04-24T18:02:00","slug":"negativa_de_cobertura_sera_criterio_para_suspensao_de_plano_de_saude","status":"publish","type":"post","link":"https:\/\/blogs.correiobraziliense.com.br\/consumidor\/negativa_de_cobertura_sera_criterio_para_suspensao_de_plano_de_saude\/","title":{"rendered":"Negativa de cobertura ser\u00e1 crit\u00e9rio para suspens\u00e3o de plano de sa\u00fade"},"content":{"rendered":"\n<p>O Minist\u00e9rio da Sa\u00fade e a Ag\u00eancia Nacional de Sa\u00fade Suplementar (ANS) inclu\u00edram a negativa de cobertura como um dos crit\u00e9rios para a suspens\u00e3o tempor\u00e1ria da comercializa\u00e7\u00e3o dos planos de sa\u00fade. Dessa forma, as operadoras ter\u00e3o que cumprir mais elementos para impedir que a comercializa\u00e7\u00e3o de seus planos n\u00e3o seja suspensa.  <\/p>\n<p>Entre os itens que ter\u00e3o de ser cumpridos est\u00e3o: o rol de atendimentos previsto em contrato, o per\u00edodo de car\u00eancia, a rede conveniada, o reembolso e os mecanismos para autoriza\u00e7\u00e3o de procedimentos. <\/p>\n<p>Nas suspens\u00f5es anteriores, os crit\u00e9rios utilizados pela ANS eram o descumprimento dos prazos estabelecidos  para marca\u00e7\u00e3o de consultas, exames e cirurgias.  <\/p>\n<p>&nbsp;De dezembro de 2012 a mar\u00e7o deste ano, foram recebidas 13.348  reclama\u00e7\u00f5es sobre garantia de atendimento, envolvendo 509 operadoras de planos  de sa\u00fade. <\/p>\n","protected":false},"excerpt":{"rendered":"<p>O Minist\u00e9rio da Sa\u00fade e a Ag\u00eancia Nacional de Sa\u00fade Suplementar (ANS) inclu\u00edram a negativa de cobertura como um dos crit\u00e9rios para a suspens\u00e3o tempor\u00e1ria da comercializa\u00e7\u00e3o dos planos de sa\u00fade. Dessa forma, as operadoras ter\u00e3o que cumprir mais elementos para impedir que a comercializa\u00e7\u00e3o de seus planos n\u00e3o seja suspensa. Entre os itens que ter\u00e3o de ser cumpridos est\u00e3o: [&hellip;]<\/p>\n","protected":false},"author":28,"featured_media":0,"comment_status":"open","ping_status":"open","sticky":false,"template":"","format":"standard","meta":{"footnotes":""},"categories":[1],"tags":[],"class_list":["post-333","post","type-post","status-publish","format-standard","hentry","category-sem-categoria"],"_links":{"self":[{"href":"https:\/\/blogs.correiobraziliense.com.br\/consumidor\/wp-json\/wp\/v2\/posts\/333","targetHints":{"allow":["GET"]}}],"collection":[{"href":"https:\/\/blogs.correiobraziliense.com.br\/consumidor\/wp-json\/wp\/v2\/posts"}],"about":[{"href":"https:\/\/blogs.correiobraziliense.com.br\/consumidor\/wp-json\/wp\/v2\/types\/post"}],"author":[{"embeddable":true,"href":"https:\/\/blogs.correiobraziliense.com.br\/consumidor\/wp-json\/wp\/v2\/users\/28"}],"replies":[{"embeddable":true,"href":"https:\/\/blogs.correiobraziliense.com.br\/consumidor\/wp-json\/wp\/v2\/comments?post=333"}],"version-history":[{"count":0,"href":"https:\/\/blogs.correiobraziliense.com.br\/consumidor\/wp-json\/wp\/v2\/posts\/333\/revisions"}],"wp:attachment":[{"href":"https:\/\/blogs.correiobraziliense.com.br\/consumidor\/wp-json\/wp\/v2\/media?parent=333"}],"wp:term":[{"taxonomy":"category","embeddable":true,"href":"https:\/\/blogs.correiobraziliense.com.br\/consumidor\/wp-json\/wp\/v2\/categories?post=333"},{"taxonomy":"post_tag","embeddable":true,"href":"https:\/\/blogs.correiobraziliense.com.br\/consumidor\/wp-json\/wp\/v2\/tags?post=333"}],"curies":[{"name":"wp","href":"https:\/\/api.w.org\/{rel}","templated":true}]}}