{"id":328,"date":"2013-04-16T16:14:00","date_gmt":"2013-04-16T19:14:00","guid":{"rendered":"https:\/\/blogs.correiobraziliense.com.br\/consumidor\/honda_convoca_recall_do_civic_e_cr-v\/"},"modified":"2013-04-16T16:14:00","modified_gmt":"2013-04-16T19:14:00","slug":"honda_convoca_recall_do_civic_e_cr-v","status":"publish","type":"post","link":"https:\/\/blogs.correiobraziliense.com.br\/consumidor\/honda_convoca_recall_do_civic_e_cr-v\/","title":{"rendered":"Honda convoca recall do Civic e CR-V"},"content":{"rendered":"\n<p>Outra montadora japonesa atendeu o pedido da Secretaria Nacional do Consumidor e convocou o recall para a substitui\u00e7\u00e3o do insuflador do airbag do lado do passageiro. A campanha da Honda come\u00e7a na pr\u00f3xima segunda-feira (22\/04) e compreende os modelos Civic e CR-V.  <\/p>\n<p>A Honda comunica que no acionamento do airbag poder\u00e1 haver rompimento da estrutura do insuflador devido a sua expans\u00e3o com intensidade acima do especificado, com possibilidade de proje\u00e7\u00e3o de fragmentos no interior do ve\u00edculo. Nestas condi\u00e7\u00f5es, o defeito pode gerar danos f\u00edsicos e materiais aos ocupantes e terceiros. <\/p>\n<p>Os clientes podem entrar em contato com a montadora pelo telefone 0800 701 3432 e pelo <a href=\"www.honda.com.br\">site<\/a> da montadora para mais informa\u00e7\u00f5es. <\/p>\n<p>Segue a rela\u00e7\u00e3o dos ve\u00edculos convocados:<b> <\/p>\n<p>Modelo Civic<\/b> <b>&nbsp;<\/b> Ano\/modelo 2001: chassis n\u00e3o sequenciais 93HES1*** De 1Z00011 at\u00e9 1Z050554.Data de produ\u00e7\u00e3o inicial: 10\/8\/2000 Final: 28\/09\/2001. &nbsp; Ano\/modelo 2002: chassis n\u00e3o sequenciais 93HES1*** De 2Z100001 at\u00e9 2Z122178. Data de produ\u00e7\u00e3o inicial: 9\/8\/2001 Final: 10\/10\/2002. &nbsp; Ano\/modelo 2003: chassis n\u00e3o sequenciais 93HES1*** De 3Z100007 at\u00e9 &nbsp;3Z116391.Data de produ\u00e7\u00e3o inicial: 26\/9\/2002 Final 3\/9\/2003. &nbsp; <b>Modelo CR-V<\/b> <b>&nbsp;<\/b> Ano\/modelo 2002: chassis n\u00e3o sequenciais JHLRD7*** De 2C200013 at\u00e9 2C213677. Data de produ\u00e7\u00e3o inicial 9\/8\/2001 Final 3\/8\/2002. &nbsp; <\/p>\n","protected":false},"excerpt":{"rendered":"<p>Outra montadora japonesa atendeu o pedido da Secretaria Nacional do Consumidor e convocou o recall para a substitui\u00e7\u00e3o do insuflador do airbag do lado do passageiro. A campanha da Honda come\u00e7a na pr\u00f3xima segunda-feira (22\/04) e compreende os modelos Civic e CR-V. A Honda comunica que no acionamento do airbag poder\u00e1 haver rompimento da estrutura do insuflador devido a sua [&hellip;]<\/p>\n","protected":false},"author":28,"featured_media":0,"comment_status":"open","ping_status":"open","sticky":false,"template":"","format":"standard","meta":{"footnotes":""},"categories":[1],"tags":[],"class_list":["post-328","post","type-post","status-publish","format-standard","hentry","category-sem-categoria"],"_links":{"self":[{"href":"https:\/\/blogs.correiobraziliense.com.br\/consumidor\/wp-json\/wp\/v2\/posts\/328","targetHints":{"allow":["GET"]}}],"collection":[{"href":"https:\/\/blogs.correiobraziliense.com.br\/consumidor\/wp-json\/wp\/v2\/posts"}],"about":[{"href":"https:\/\/blogs.correiobraziliense.com.br\/consumidor\/wp-json\/wp\/v2\/types\/post"}],"author":[{"embeddable":true,"href":"https:\/\/blogs.correiobraziliense.com.br\/consumidor\/wp-json\/wp\/v2\/users\/28"}],"replies":[{"embeddable":true,"href":"https:\/\/blogs.correiobraziliense.com.br\/consumidor\/wp-json\/wp\/v2\/comments?post=328"}],"version-history":[{"count":0,"href":"https:\/\/blogs.correiobraziliense.com.br\/consumidor\/wp-json\/wp\/v2\/posts\/328\/revisions"}],"wp:attachment":[{"href":"https:\/\/blogs.correiobraziliense.com.br\/consumidor\/wp-json\/wp\/v2\/media?parent=328"}],"wp:term":[{"taxonomy":"category","embeddable":true,"href":"https:\/\/blogs.correiobraziliense.com.br\/consumidor\/wp-json\/wp\/v2\/categories?post=328"},{"taxonomy":"post_tag","embeddable":true,"href":"https:\/\/blogs.correiobraziliense.com.br\/consumidor\/wp-json\/wp\/v2\/tags?post=328"}],"curies":[{"name":"wp","href":"https:\/\/api.w.org\/{rel}","templated":true}]}}