{"id":315,"date":"2013-03-22T11:29:00","date_gmt":"2013-03-22T14:29:00","guid":{"rendered":"https:\/\/blogs.correiobraziliense.com.br\/consumidor\/mais_agilidade_no_tramite_de_acoes_contra_planos_de_saude\/"},"modified":"2013-03-22T11:29:00","modified_gmt":"2013-03-22T14:29:00","slug":"mais_agilidade_no_tramite_de_acoes_contra_planos_de_saude","status":"publish","type":"post","link":"https:\/\/blogs.correiobraziliense.com.br\/consumidor\/mais_agilidade_no_tramite_de_acoes_contra_planos_de_saude\/","title":{"rendered":"Mais agilidade no tr\u00e2mite de a\u00e7\u00f5es contra planos de sa\u00fade"},"content":{"rendered":"\n<p>A Ag\u00eancia Nacional de Sa\u00fade Suplementar (ANS) anunciou que vai analisar os processos contra planos de sa\u00fade de maneira coletiva, reunidos por temas e por operadora. Com essa medida, a ag\u00eancia pretende acelerar o tr\u00e2mite das a\u00e7\u00f5es. A autarquia comunicou ainda que organizar\u00e1 mutir\u00f5es e, para isso, contratar\u00e1 200 servidores tempor\u00e1rios. A portaria autorizando a contrata\u00e7\u00e3o ser\u00e1 publicada no Di\u00e1rio Oficial da Uni\u00e3o na pr\u00f3xima semana. <\/p>\n<p>Hoje a ANS est\u00e1 com 8.791 processos de reclama\u00e7\u00f5es em tramita\u00e7\u00e3o. As principais queixas s\u00e3o relativas a negativa de cobertura, reajustes de mensalidades e mudan\u00e7a de operadora. No Brasil, mais de 48,6 milh\u00f5es de pessoas t\u00eam planos de sa\u00fade com cobertura de  assist\u00eancia m\u00e9dica e outros 18,4 milh\u00f5es, exclusivamente odontol\u00f3gicos.  <\/p>\n<p>As mudan\u00e7as nos tr\u00e2mites dos processos foram anunciadas ontem pelo ministro da Sa\u00fade, Alexandre Padilha, e o diretor-presidente da ANS, Andr\u00e9 Longo, durante a 74\u00aa Reuni\u00e3o da C\u00e2mara de Sa\u00fade Suplementar, no Rio de Janeiro. <\/p>\n","protected":false},"excerpt":{"rendered":"<p>A Ag\u00eancia Nacional de Sa\u00fade Suplementar (ANS) anunciou que vai analisar os processos contra planos de sa\u00fade de maneira coletiva, reunidos por temas e por operadora. Com essa medida, a ag\u00eancia pretende acelerar o tr\u00e2mite das a\u00e7\u00f5es. A autarquia comunicou ainda que organizar\u00e1 mutir\u00f5es e, para isso, contratar\u00e1 200 servidores tempor\u00e1rios. A portaria autorizando a contrata\u00e7\u00e3o ser\u00e1 publicada no Di\u00e1rio [&hellip;]<\/p>\n","protected":false},"author":28,"featured_media":0,"comment_status":"open","ping_status":"open","sticky":false,"template":"","format":"standard","meta":{"footnotes":""},"categories":[1],"tags":[],"class_list":["post-315","post","type-post","status-publish","format-standard","hentry","category-sem-categoria"],"_links":{"self":[{"href":"https:\/\/blogs.correiobraziliense.com.br\/consumidor\/wp-json\/wp\/v2\/posts\/315","targetHints":{"allow":["GET"]}}],"collection":[{"href":"https:\/\/blogs.correiobraziliense.com.br\/consumidor\/wp-json\/wp\/v2\/posts"}],"about":[{"href":"https:\/\/blogs.correiobraziliense.com.br\/consumidor\/wp-json\/wp\/v2\/types\/post"}],"author":[{"embeddable":true,"href":"https:\/\/blogs.correiobraziliense.com.br\/consumidor\/wp-json\/wp\/v2\/users\/28"}],"replies":[{"embeddable":true,"href":"https:\/\/blogs.correiobraziliense.com.br\/consumidor\/wp-json\/wp\/v2\/comments?post=315"}],"version-history":[{"count":0,"href":"https:\/\/blogs.correiobraziliense.com.br\/consumidor\/wp-json\/wp\/v2\/posts\/315\/revisions"}],"wp:attachment":[{"href":"https:\/\/blogs.correiobraziliense.com.br\/consumidor\/wp-json\/wp\/v2\/media?parent=315"}],"wp:term":[{"taxonomy":"category","embeddable":true,"href":"https:\/\/blogs.correiobraziliense.com.br\/consumidor\/wp-json\/wp\/v2\/categories?post=315"},{"taxonomy":"post_tag","embeddable":true,"href":"https:\/\/blogs.correiobraziliense.com.br\/consumidor\/wp-json\/wp\/v2\/tags?post=315"}],"curies":[{"name":"wp","href":"https:\/\/api.w.org\/{rel}","templated":true}]}}