{"id":311,"date":"2013-03-15T11:16:00","date_gmt":"2013-03-15T14:16:00","guid":{"rendered":"https:\/\/blogs.correiobraziliense.com.br\/consumidor\/pacote_de_medidas_para_o_consumidor\/"},"modified":"2013-03-15T11:16:00","modified_gmt":"2013-03-15T14:16:00","slug":"pacote_de_medidas_para_o_consumidor","status":"publish","type":"post","link":"https:\/\/blogs.correiobraziliense.com.br\/consumidor\/pacote_de_medidas_para_o_consumidor\/","title":{"rendered":"Pacote de medidas para o consumidor"},"content":{"rendered":"\n<p>A presidente Dilma Rousseff lan\u00e7a hoje um pacote de medidas de prote\u00e7\u00e3o ao consumidor. De acordo com informa\u00e7\u00f5es do Minist\u00e9rio da Justi\u00e7a, a inten\u00e7\u00e3o \u00e9 regulamentar e modernizar as rela\u00e7\u00f5es de consumo no Brasil. O pacote foi elaborado por minist\u00e9rios, ag\u00eancias reguladoras e Banco Central. <\/p>\n<p>O an\u00fancio ocorre ainda esta manh\u00e3 no Sal\u00e3o Oeste do Pal\u00e1cio do Planalto.  <\/p>\n<p>Aguarde mais informa\u00e7\u00f5es <\/p>\n","protected":false},"excerpt":{"rendered":"<p>A presidente Dilma Rousseff lan\u00e7a hoje um pacote de medidas de prote\u00e7\u00e3o ao consumidor. De acordo com informa\u00e7\u00f5es do Minist\u00e9rio da Justi\u00e7a, a inten\u00e7\u00e3o \u00e9 regulamentar e modernizar as rela\u00e7\u00f5es de consumo no Brasil. O pacote foi elaborado por minist\u00e9rios, ag\u00eancias reguladoras e Banco Central. O an\u00fancio ocorre ainda esta manh\u00e3 no Sal\u00e3o Oeste do Pal\u00e1cio do Planalto. Aguarde mais [&hellip;]<\/p>\n","protected":false},"author":28,"featured_media":0,"comment_status":"open","ping_status":"open","sticky":false,"template":"","format":"standard","meta":{"footnotes":""},"categories":[1],"tags":[],"class_list":["post-311","post","type-post","status-publish","format-standard","hentry","category-sem-categoria"],"_links":{"self":[{"href":"https:\/\/blogs.correiobraziliense.com.br\/consumidor\/wp-json\/wp\/v2\/posts\/311","targetHints":{"allow":["GET"]}}],"collection":[{"href":"https:\/\/blogs.correiobraziliense.com.br\/consumidor\/wp-json\/wp\/v2\/posts"}],"about":[{"href":"https:\/\/blogs.correiobraziliense.com.br\/consumidor\/wp-json\/wp\/v2\/types\/post"}],"author":[{"embeddable":true,"href":"https:\/\/blogs.correiobraziliense.com.br\/consumidor\/wp-json\/wp\/v2\/users\/28"}],"replies":[{"embeddable":true,"href":"https:\/\/blogs.correiobraziliense.com.br\/consumidor\/wp-json\/wp\/v2\/comments?post=311"}],"version-history":[{"count":0,"href":"https:\/\/blogs.correiobraziliense.com.br\/consumidor\/wp-json\/wp\/v2\/posts\/311\/revisions"}],"wp:attachment":[{"href":"https:\/\/blogs.correiobraziliense.com.br\/consumidor\/wp-json\/wp\/v2\/media?parent=311"}],"wp:term":[{"taxonomy":"category","embeddable":true,"href":"https:\/\/blogs.correiobraziliense.com.br\/consumidor\/wp-json\/wp\/v2\/categories?post=311"},{"taxonomy":"post_tag","embeddable":true,"href":"https:\/\/blogs.correiobraziliense.com.br\/consumidor\/wp-json\/wp\/v2\/tags?post=311"}],"curies":[{"name":"wp","href":"https:\/\/api.w.org\/{rel}","templated":true}]}}