{"id":310,"date":"2013-03-14T18:21:00","date_gmt":"2013-03-14T21:21:00","guid":{"rendered":"https:\/\/blogs.correiobraziliense.com.br\/consumidor\/unidade_movel_do_procon-df_estara_na_rodoviaria_do_plano_piloto\/"},"modified":"2013-03-14T18:21:00","modified_gmt":"2013-03-14T21:21:00","slug":"unidade_movel_do_procon-df_estara_na_rodoviaria_do_plano_piloto","status":"publish","type":"post","link":"https:\/\/blogs.correiobraziliense.com.br\/consumidor\/unidade_movel_do_procon-df_estara_na_rodoviaria_do_plano_piloto\/","title":{"rendered":"Unidade m\u00f3vel do Procon-DF estar\u00e1 na rodovi\u00e1ria do Plano Piloto"},"content":{"rendered":"\n<p>Como parte das comemora\u00e7\u00f5es do dia do consumidor, o Procon-DF estar\u00e1 com uma unidade m\u00f3vel amanh\u00e3 na rodovi\u00e1ria do Plano Piloto. O atendimento ao p\u00fablico ser\u00e1 das 8h \u00e0s 16h e livros do C\u00f3digo de Defesa do Consumidor ser\u00e3o distribu\u00eddos.  <\/p>\n","protected":false},"excerpt":{"rendered":"<p>Como parte das comemora\u00e7\u00f5es do dia do consumidor, o Procon-DF estar\u00e1 com uma unidade m\u00f3vel amanh\u00e3 na rodovi\u00e1ria do Plano Piloto. O atendimento ao p\u00fablico ser\u00e1 das 8h \u00e0s 16h e livros do C\u00f3digo de Defesa do Consumidor ser\u00e3o distribu\u00eddos.<\/p>\n","protected":false},"author":28,"featured_media":0,"comment_status":"open","ping_status":"open","sticky":false,"template":"","format":"standard","meta":{"footnotes":""},"categories":[1],"tags":[],"class_list":["post-310","post","type-post","status-publish","format-standard","hentry","category-sem-categoria"],"_links":{"self":[{"href":"https:\/\/blogs.correiobraziliense.com.br\/consumidor\/wp-json\/wp\/v2\/posts\/310","targetHints":{"allow":["GET"]}}],"collection":[{"href":"https:\/\/blogs.correiobraziliense.com.br\/consumidor\/wp-json\/wp\/v2\/posts"}],"about":[{"href":"https:\/\/blogs.correiobraziliense.com.br\/consumidor\/wp-json\/wp\/v2\/types\/post"}],"author":[{"embeddable":true,"href":"https:\/\/blogs.correiobraziliense.com.br\/consumidor\/wp-json\/wp\/v2\/users\/28"}],"replies":[{"embeddable":true,"href":"https:\/\/blogs.correiobraziliense.com.br\/consumidor\/wp-json\/wp\/v2\/comments?post=310"}],"version-history":[{"count":0,"href":"https:\/\/blogs.correiobraziliense.com.br\/consumidor\/wp-json\/wp\/v2\/posts\/310\/revisions"}],"wp:attachment":[{"href":"https:\/\/blogs.correiobraziliense.com.br\/consumidor\/wp-json\/wp\/v2\/media?parent=310"}],"wp:term":[{"taxonomy":"category","embeddable":true,"href":"https:\/\/blogs.correiobraziliense.com.br\/consumidor\/wp-json\/wp\/v2\/categories?post=310"},{"taxonomy":"post_tag","embeddable":true,"href":"https:\/\/blogs.correiobraziliense.com.br\/consumidor\/wp-json\/wp\/v2\/tags?post=310"}],"curies":[{"name":"wp","href":"https:\/\/api.w.org\/{rel}","templated":true}]}}