{"id":309,"date":"2013-03-14T14:57:00","date_gmt":"2013-03-14T17:57:00","guid":{"rendered":"https:\/\/blogs.correiobraziliense.com.br\/consumidor\/chat_para_tirar_duvidas_de_consumidores\/"},"modified":"2013-03-14T14:57:00","modified_gmt":"2013-03-14T17:57:00","slug":"chat_para_tirar_duvidas_de_consumidores","status":"publish","type":"post","link":"https:\/\/blogs.correiobraziliense.com.br\/consumidor\/chat_para_tirar_duvidas_de_consumidores\/","title":{"rendered":"Chat para tirar d\u00favidas de consumidores"},"content":{"rendered":"\n<p>Amanh\u00e3 \u00e9 o dia do consumidor e para comemorar a data, o Instituto Brasileiro de Defesa do Consumidor (Idec) vai promover chats com especialistas na \u00e1rea para tirar as d\u00favidas e dar orienta\u00e7\u00f5es. O bate papo ser\u00e1 on line e consumidores de todo o Brasil poder\u00e3o participar.  <\/p>\n<p>Os interessados devem acessar o site do <a href=\"http:\/\/www.idec.org.br\/\">Idec<\/a>. O tira d\u00favidas com os advogados do Idec seguir\u00e1 a seguinte ordem:  <\/p>\n<p>11h: Telecomunica\u00e7\u00f5es com Veridiana Alimonti  <\/p>\n<p>13h: Plano de sa\u00fade com Joana Cruz  <\/p>\n<p>15h: Servi\u00e7os banc\u00e1rios com Maria Elisa Novais  <\/p>\n<p>17h: Produtos com Mariana Alves.  <\/p>\n","protected":false},"excerpt":{"rendered":"<p>Amanh\u00e3 \u00e9 o dia do consumidor e para comemorar a data, o Instituto Brasileiro de Defesa do Consumidor (Idec) vai promover chats com especialistas na \u00e1rea para tirar as d\u00favidas e dar orienta\u00e7\u00f5es. O bate papo ser\u00e1 on line e consumidores de todo o Brasil poder\u00e3o participar. Os interessados devem acessar o site do Idec. O tira d\u00favidas com os [&hellip;]<\/p>\n","protected":false},"author":28,"featured_media":0,"comment_status":"open","ping_status":"open","sticky":false,"template":"","format":"standard","meta":{"footnotes":""},"categories":[1],"tags":[],"class_list":["post-309","post","type-post","status-publish","format-standard","hentry","category-sem-categoria"],"_links":{"self":[{"href":"https:\/\/blogs.correiobraziliense.com.br\/consumidor\/wp-json\/wp\/v2\/posts\/309","targetHints":{"allow":["GET"]}}],"collection":[{"href":"https:\/\/blogs.correiobraziliense.com.br\/consumidor\/wp-json\/wp\/v2\/posts"}],"about":[{"href":"https:\/\/blogs.correiobraziliense.com.br\/consumidor\/wp-json\/wp\/v2\/types\/post"}],"author":[{"embeddable":true,"href":"https:\/\/blogs.correiobraziliense.com.br\/consumidor\/wp-json\/wp\/v2\/users\/28"}],"replies":[{"embeddable":true,"href":"https:\/\/blogs.correiobraziliense.com.br\/consumidor\/wp-json\/wp\/v2\/comments?post=309"}],"version-history":[{"count":0,"href":"https:\/\/blogs.correiobraziliense.com.br\/consumidor\/wp-json\/wp\/v2\/posts\/309\/revisions"}],"wp:attachment":[{"href":"https:\/\/blogs.correiobraziliense.com.br\/consumidor\/wp-json\/wp\/v2\/media?parent=309"}],"wp:term":[{"taxonomy":"category","embeddable":true,"href":"https:\/\/blogs.correiobraziliense.com.br\/consumidor\/wp-json\/wp\/v2\/categories?post=309"},{"taxonomy":"post_tag","embeddable":true,"href":"https:\/\/blogs.correiobraziliense.com.br\/consumidor\/wp-json\/wp\/v2\/tags?post=309"}],"curies":[{"name":"wp","href":"https:\/\/api.w.org\/{rel}","templated":true}]}}