{"id":292,"date":"2013-02-07T21:00:00","date_gmt":"2013-02-07T23:00:00","guid":{"rendered":"https:\/\/blogs.correiobraziliense.com.br\/consumidor\/veiculos_sao_campeoes_de_campanhas_de_recall\/"},"modified":"2013-02-07T21:00:00","modified_gmt":"2013-02-07T23:00:00","slug":"veiculos_sao_campeoes_de_campanhas_de_recall","status":"publish","type":"post","link":"https:\/\/blogs.correiobraziliense.com.br\/consumidor\/veiculos_sao_campeoes_de_campanhas_de_recall\/","title":{"rendered":"Ve\u00edculos s\u00e3o campe\u00f5es de campanhas de recall"},"content":{"rendered":"\n<p>&nbsp;&nbsp;&nbsp;&nbsp;&nbsp;&nbsp;&nbsp;&nbsp;&nbsp;&nbsp;&nbsp;&nbsp;&nbsp;&nbsp;&nbsp;&nbsp;&nbsp;&nbsp;&nbsp;&nbsp;&nbsp;&nbsp;&nbsp;&nbsp;&nbsp;&nbsp;&nbsp;&nbsp;&nbsp;&nbsp;&nbsp;&nbsp;&nbsp;&nbsp;&nbsp; <img decoding=\"async\" src=\"https:\/\/blogs.correiobraziliense.com.br\/wp-content\/uploads\/blog-consumidor\/9590f2caea93febae315ff134a5c2a8b.jpg\"> <\/p>\n<p>Os ve\u00edculos s\u00e3o os campe\u00f5es de campanhas de recall nos Brasil. Nos \u00faltimos dez anos, 77,6% das campanhas foram protagonizadas por este segmento. Uma das justificativas \u00e9 a frota brasileira. Segundo dados do Denatran, ela ultrapassa 76 milh\u00f5es de autom\u00f3veis. O perigo eminente de acidentes tamb\u00e9m contribui para o recorrente chamamento por parte das montadoras. Somente em 2012, 358.895 ve\u00edculos foram convocados, correspondendo a 87,7% das campanhas. Neste ano quatro campanhas de recall foram lan\u00e7adas e todas s\u00e3o de ve\u00edculos, somando 6.634 afetados. <\/p>\n<p>\u00c9 importante ressaltar que em rela\u00e7\u00e3o a quantidade de consumidores afetados, os segmentos de produtos para sa\u00fade e alimentos e bebidas atingem mais gente. Em dez anos, mais de 96 milh\u00f5es de pessoas foram convocadas por esses dois segmentos, enquanto para o setor de autom\u00f3veis foram mais de seis milh\u00f5es. Mas a procura por substituir ou trocar um alimento ou produto de sa\u00fade acaba sendo menor que o segmento de autom\u00f3veis n\u00e3o s\u00f3 pela falta de informa\u00e7\u00e3o como tamb\u00e9m pelo valor do produto. Dessa forma, apenas 30% dos consumidores de produtos de sa\u00fade e alimenta\u00e7\u00e3o participam do recall. <\/p>\n<p>No ano de 2012, de acordo com o Boletim do Recall divulgado pela Secretaria Nacional do Consumidor, al\u00e9m das 42 campanhas de ve\u00edculos e 15 campanhas de motocicletas, houve recall de outros sete produtos: cilindros de propileno, computadores, disjuntores, preservativos, xampus, ovos de P\u00e1scoa e m\u00f3dulos acoustimass de caixas de som. <\/p>\n<p>Veja mais: <a href=\"http:\/\/www.dzai.com.br\/blogconsumidor\/blog\/blogconsumidor\">Blog do consumidor<\/a> <\/p>\n","protected":false},"excerpt":{"rendered":"<p>&nbsp;&nbsp;&nbsp;&nbsp;&nbsp;&nbsp;&nbsp;&nbsp;&nbsp;&nbsp;&nbsp;&nbsp;&nbsp;&nbsp;&nbsp;&nbsp;&nbsp;&nbsp;&nbsp;&nbsp;&nbsp;&nbsp;&nbsp;&nbsp;&nbsp;&nbsp;&nbsp;&nbsp;&nbsp;&nbsp;&nbsp;&nbsp;&nbsp;&nbsp;&nbsp; Os ve\u00edculos s\u00e3o os campe\u00f5es de campanhas de recall nos Brasil. Nos \u00faltimos dez anos, 77,6% das campanhas foram protagonizadas por este segmento. Uma das justificativas \u00e9 a frota brasileira. Segundo dados do Denatran, ela ultrapassa 76 milh\u00f5es de autom\u00f3veis. O perigo eminente de acidentes tamb\u00e9m contribui para o recorrente chamamento por parte das montadoras. Somente em 2012, 358.895 [&hellip;]<\/p>\n","protected":false},"author":28,"featured_media":0,"comment_status":"open","ping_status":"open","sticky":false,"template":"","format":"standard","meta":{"footnotes":""},"categories":[1],"tags":[],"class_list":["post-292","post","type-post","status-publish","format-standard","hentry","category-sem-categoria"],"_links":{"self":[{"href":"https:\/\/blogs.correiobraziliense.com.br\/consumidor\/wp-json\/wp\/v2\/posts\/292","targetHints":{"allow":["GET"]}}],"collection":[{"href":"https:\/\/blogs.correiobraziliense.com.br\/consumidor\/wp-json\/wp\/v2\/posts"}],"about":[{"href":"https:\/\/blogs.correiobraziliense.com.br\/consumidor\/wp-json\/wp\/v2\/types\/post"}],"author":[{"embeddable":true,"href":"https:\/\/blogs.correiobraziliense.com.br\/consumidor\/wp-json\/wp\/v2\/users\/28"}],"replies":[{"embeddable":true,"href":"https:\/\/blogs.correiobraziliense.com.br\/consumidor\/wp-json\/wp\/v2\/comments?post=292"}],"version-history":[{"count":0,"href":"https:\/\/blogs.correiobraziliense.com.br\/consumidor\/wp-json\/wp\/v2\/posts\/292\/revisions"}],"wp:attachment":[{"href":"https:\/\/blogs.correiobraziliense.com.br\/consumidor\/wp-json\/wp\/v2\/media?parent=292"}],"wp:term":[{"taxonomy":"category","embeddable":true,"href":"https:\/\/blogs.correiobraziliense.com.br\/consumidor\/wp-json\/wp\/v2\/categories?post=292"},{"taxonomy":"post_tag","embeddable":true,"href":"https:\/\/blogs.correiobraziliense.com.br\/consumidor\/wp-json\/wp\/v2\/tags?post=292"}],"curies":[{"name":"wp","href":"https:\/\/api.w.org\/{rel}","templated":true}]}}