{"id":290,"date":"2013-01-30T19:03:00","date_gmt":"2013-01-30T21:03:00","guid":{"rendered":"https:\/\/blogs.correiobraziliense.com.br\/consumidor\/seguradora_tera_que_pagar_indenizacao_para_condutor_com_habilitacao_vencida\/"},"modified":"2013-01-30T19:03:00","modified_gmt":"2013-01-30T21:03:00","slug":"seguradora_tera_que_pagar_indenizacao_para_condutor_com_habilitacao_vencida","status":"publish","type":"post","link":"https:\/\/blogs.correiobraziliense.com.br\/consumidor\/seguradora_tera_que_pagar_indenizacao_para_condutor_com_habilitacao_vencida\/","title":{"rendered":"Seguradora ter\u00e1 que pagar indeniza\u00e7\u00e3o para condutor com habilita\u00e7\u00e3o vencida"},"content":{"rendered":"\n<p>Habilita\u00e7\u00e3o vencida n\u00e3o \u00e9 desculpa para que o seguro n\u00e3o pague a indeniza\u00e7\u00e3o. Esse foi o entendimento da 4\u00aa Turma C\u00edvel do Tribunal de Justi\u00e7a do Distrito Federal e dos Territ\u00f3rios (TJDFT) que decidiu que a SulAm\u00e9rica dever\u00e1 pagar o valor do pr\u00eamio contratado a um segurado que teve o carro capotado. A decis\u00e3o foi un\u00e2nime e n\u00e3o cabe mais recurso.  <\/p>\n<p>No processo, a seguradora explica que n\u00e3o pagou a indeniza\u00e7\u00e3o porque o segurado n\u00e3o informou que o motorista que dirigia o ve\u00edculo no momento do acidente estava com carteira de habilita\u00e7\u00e3o vencida. <\/p>\n<p>O entendimento do desembargador relator foi o de que o segurado n\u00e3o agiu de m\u00e1-f\u00e9 e o contrato s\u00f3 exclu\u00eda condutores entre 18 e 25 anos. &#8220;Portanto, pela inexist\u00eancia de elementos capazes de excluir a responsabilidade da seguradora no contrato pactuado, n\u00e3o h\u00e1 que se falar em afastamento da cobertura securit\u00e1ria&#8221;, diz a senten\u00e7a. <\/p>\n<p>Dessa forma, a senten\u00e7a garantiu ao segurado a indeniza\u00e7\u00e3o correspondente ao &#8220;valor m\u00e9dio do segurado, apurado na Tabela FIPE, vigente na data de liquida\u00e7\u00e3o do sinistro, considerando-se ainda o Fator de Ajuste fixado pelo segurado no ato da contrata\u00e7\u00e3o do seguro&#8221;. <\/p>\n<p>O carro era um Peugeot, modelo Soleil, ano 2001 e o segurado receber\u00e1 R$ 22.995.60. <\/p>\n<p>&nbsp;  <\/p>\n<div>&nbsp;<\/div>\n<div>&nbsp;<\/div>\n","protected":false},"excerpt":{"rendered":"<p>Habilita\u00e7\u00e3o vencida n\u00e3o \u00e9 desculpa para que o seguro n\u00e3o pague a indeniza\u00e7\u00e3o. Esse foi o entendimento da 4\u00aa Turma C\u00edvel do Tribunal de Justi\u00e7a do Distrito Federal e dos Territ\u00f3rios (TJDFT) que decidiu que a SulAm\u00e9rica dever\u00e1 pagar o valor do pr\u00eamio contratado a um segurado que teve o carro capotado. A decis\u00e3o foi un\u00e2nime e n\u00e3o cabe mais [&hellip;]<\/p>\n","protected":false},"author":28,"featured_media":0,"comment_status":"open","ping_status":"open","sticky":false,"template":"","format":"standard","meta":{"footnotes":""},"categories":[1],"tags":[],"class_list":["post-290","post","type-post","status-publish","format-standard","hentry","category-sem-categoria"],"_links":{"self":[{"href":"https:\/\/blogs.correiobraziliense.com.br\/consumidor\/wp-json\/wp\/v2\/posts\/290","targetHints":{"allow":["GET"]}}],"collection":[{"href":"https:\/\/blogs.correiobraziliense.com.br\/consumidor\/wp-json\/wp\/v2\/posts"}],"about":[{"href":"https:\/\/blogs.correiobraziliense.com.br\/consumidor\/wp-json\/wp\/v2\/types\/post"}],"author":[{"embeddable":true,"href":"https:\/\/blogs.correiobraziliense.com.br\/consumidor\/wp-json\/wp\/v2\/users\/28"}],"replies":[{"embeddable":true,"href":"https:\/\/blogs.correiobraziliense.com.br\/consumidor\/wp-json\/wp\/v2\/comments?post=290"}],"version-history":[{"count":0,"href":"https:\/\/blogs.correiobraziliense.com.br\/consumidor\/wp-json\/wp\/v2\/posts\/290\/revisions"}],"wp:attachment":[{"href":"https:\/\/blogs.correiobraziliense.com.br\/consumidor\/wp-json\/wp\/v2\/media?parent=290"}],"wp:term":[{"taxonomy":"category","embeddable":true,"href":"https:\/\/blogs.correiobraziliense.com.br\/consumidor\/wp-json\/wp\/v2\/categories?post=290"},{"taxonomy":"post_tag","embeddable":true,"href":"https:\/\/blogs.correiobraziliense.com.br\/consumidor\/wp-json\/wp\/v2\/tags?post=290"}],"curies":[{"name":"wp","href":"https:\/\/api.w.org\/{rel}","templated":true}]}}