{"id":289,"date":"2013-01-29T16:46:00","date_gmt":"2013-01-29T18:46:00","guid":{"rendered":"https:\/\/blogs.correiobraziliense.com.br\/consumidor\/veloster_passara_por_recall\/"},"modified":"2013-01-29T16:46:00","modified_gmt":"2013-01-29T18:46:00","slug":"veloster_passara_por_recall","status":"publish","type":"post","link":"https:\/\/blogs.correiobraziliense.com.br\/consumidor\/veloster_passara_por_recall\/","title":{"rendered":"Veloster passar\u00e1 por recall"},"content":{"rendered":"\n<p>A partir de amanh\u00e3 come\u00e7a o recall de 5.852 ve\u00edculos do modelo Hyundai Veloster fabricados de 01\u00ba de novembro de 2011 a 17 de abril de 2012. O objetivo \u00e9 trocar o teto solar.  <\/p>\n<p>De acordo com a empresa Caoa Montadora de Ve\u00edculos S.A o vidro do teto solar poder\u00e1 trincar ou estilha\u00e7ar durante o movimento do ve\u00edculo, ou mesmo estacionado, podendo seus estlha\u00e7os provocar acidentes&#8221;. <\/p>\n<p>A campanha de recall abrange ve\u00edculos com numera\u00e7\u00e3o de chassi compreendida entre os intervalos KMHTC61CBCU040341 a KMHTC61CBBDU0223  <\/p>\n<div style=\"text-align:justify\"><\/div>\n","protected":false},"excerpt":{"rendered":"<p>A partir de amanh\u00e3 come\u00e7a o recall de 5.852 ve\u00edculos do modelo Hyundai Veloster fabricados de 01\u00ba de novembro de 2011 a 17 de abril de 2012. O objetivo \u00e9 trocar o teto solar. De acordo com a empresa Caoa Montadora de Ve\u00edculos S.A o vidro do teto solar poder\u00e1 trincar ou estilha\u00e7ar durante o movimento do ve\u00edculo, ou mesmo [&hellip;]<\/p>\n","protected":false},"author":28,"featured_media":0,"comment_status":"open","ping_status":"open","sticky":false,"template":"","format":"standard","meta":{"footnotes":""},"categories":[1],"tags":[],"class_list":["post-289","post","type-post","status-publish","format-standard","hentry","category-sem-categoria"],"_links":{"self":[{"href":"https:\/\/blogs.correiobraziliense.com.br\/consumidor\/wp-json\/wp\/v2\/posts\/289","targetHints":{"allow":["GET"]}}],"collection":[{"href":"https:\/\/blogs.correiobraziliense.com.br\/consumidor\/wp-json\/wp\/v2\/posts"}],"about":[{"href":"https:\/\/blogs.correiobraziliense.com.br\/consumidor\/wp-json\/wp\/v2\/types\/post"}],"author":[{"embeddable":true,"href":"https:\/\/blogs.correiobraziliense.com.br\/consumidor\/wp-json\/wp\/v2\/users\/28"}],"replies":[{"embeddable":true,"href":"https:\/\/blogs.correiobraziliense.com.br\/consumidor\/wp-json\/wp\/v2\/comments?post=289"}],"version-history":[{"count":0,"href":"https:\/\/blogs.correiobraziliense.com.br\/consumidor\/wp-json\/wp\/v2\/posts\/289\/revisions"}],"wp:attachment":[{"href":"https:\/\/blogs.correiobraziliense.com.br\/consumidor\/wp-json\/wp\/v2\/media?parent=289"}],"wp:term":[{"taxonomy":"category","embeddable":true,"href":"https:\/\/blogs.correiobraziliense.com.br\/consumidor\/wp-json\/wp\/v2\/categories?post=289"},{"taxonomy":"post_tag","embeddable":true,"href":"https:\/\/blogs.correiobraziliense.com.br\/consumidor\/wp-json\/wp\/v2\/tags?post=289"}],"curies":[{"name":"wp","href":"https:\/\/api.w.org\/{rel}","templated":true}]}}