{"id":273,"date":"2012-12-12T11:15:00","date_gmt":"2012-12-12T13:15:00","guid":{"rendered":"https:\/\/blogs.correiobraziliense.com.br\/consumidor\/bmw_e_investigada_por_ausencia_de_peca_de_reposicao\/"},"modified":"2012-12-12T11:15:00","modified_gmt":"2012-12-12T13:15:00","slug":"bmw_e_investigada_por_ausencia_de_peca_de_reposicao","status":"publish","type":"post","link":"https:\/\/blogs.correiobraziliense.com.br\/consumidor\/bmw_e_investigada_por_ausencia_de_peca_de_reposicao\/","title":{"rendered":"BMW \u00e9 investigada por aus\u00eancia de pe\u00e7a de reposi\u00e7\u00e3o"},"content":{"rendered":"\n<p>A BMW Brasil ter\u00e1 que dar explica\u00e7\u00f5es \u00e0 4\u00aa Promotoria de Justi\u00e7a de Defesa do Consumidor (Prodecon) do Minist\u00e9rio P\u00fablico do Distrito Federal. O MP investiga a quantidade dispon\u00edvel do pneu espec\u00edfico do ve\u00edculo Mini Cooper no mercado. A suspeita \u00e9 de que a montadora n\u00e3o manteve o estoque m\u00ednimo do tipo de pneu nas autorizadas e revendas para a reposi\u00e7\u00e3o.  <\/p>\n<p>O que descumpre o artigo 32 do C\u00f3digo de Defesa do Consumidor, que imp\u00f5e aos fabricantes e importadores o dever de assegurar a oferta de pe\u00e7as de reposi\u00e7\u00e3o enquanto n\u00e3o cessar a fabrica\u00e7\u00e3o ou importa\u00e7\u00e3o do produto. A Prodecon notificou o representante legal da empresa BMW para a presta\u00e7\u00e3o de esclarecimentos e requisitou ao Procon-DF informa\u00e7\u00f5es sobre a empresa investigada. O objetivo \u00e9 verificar casos semelhantes registrados no \u00f3rg\u00e3o.  <\/p>\n","protected":false},"excerpt":{"rendered":"<p>A BMW Brasil ter\u00e1 que dar explica\u00e7\u00f5es \u00e0 4\u00aa Promotoria de Justi\u00e7a de Defesa do Consumidor (Prodecon) do Minist\u00e9rio P\u00fablico do Distrito Federal. O MP investiga a quantidade dispon\u00edvel do pneu espec\u00edfico do ve\u00edculo Mini Cooper no mercado. A suspeita \u00e9 de que a montadora n\u00e3o manteve o estoque m\u00ednimo do tipo de pneu nas autorizadas e revendas para a [&hellip;]<\/p>\n","protected":false},"author":28,"featured_media":0,"comment_status":"open","ping_status":"open","sticky":false,"template":"","format":"standard","meta":{"footnotes":""},"categories":[1],"tags":[],"class_list":["post-273","post","type-post","status-publish","format-standard","hentry","category-sem-categoria"],"_links":{"self":[{"href":"https:\/\/blogs.correiobraziliense.com.br\/consumidor\/wp-json\/wp\/v2\/posts\/273","targetHints":{"allow":["GET"]}}],"collection":[{"href":"https:\/\/blogs.correiobraziliense.com.br\/consumidor\/wp-json\/wp\/v2\/posts"}],"about":[{"href":"https:\/\/blogs.correiobraziliense.com.br\/consumidor\/wp-json\/wp\/v2\/types\/post"}],"author":[{"embeddable":true,"href":"https:\/\/blogs.correiobraziliense.com.br\/consumidor\/wp-json\/wp\/v2\/users\/28"}],"replies":[{"embeddable":true,"href":"https:\/\/blogs.correiobraziliense.com.br\/consumidor\/wp-json\/wp\/v2\/comments?post=273"}],"version-history":[{"count":0,"href":"https:\/\/blogs.correiobraziliense.com.br\/consumidor\/wp-json\/wp\/v2\/posts\/273\/revisions"}],"wp:attachment":[{"href":"https:\/\/blogs.correiobraziliense.com.br\/consumidor\/wp-json\/wp\/v2\/media?parent=273"}],"wp:term":[{"taxonomy":"category","embeddable":true,"href":"https:\/\/blogs.correiobraziliense.com.br\/consumidor\/wp-json\/wp\/v2\/categories?post=273"},{"taxonomy":"post_tag","embeddable":true,"href":"https:\/\/blogs.correiobraziliense.com.br\/consumidor\/wp-json\/wp\/v2\/tags?post=273"}],"curies":[{"name":"wp","href":"https:\/\/api.w.org\/{rel}","templated":true}]}}