{"id":272,"date":"2012-12-11T18:33:00","date_gmt":"2012-12-11T20:33:00","guid":{"rendered":"https:\/\/blogs.correiobraziliense.com.br\/consumidor\/secretaria_do_consumidor_notifica_avon_por_causa_de_recall\/"},"modified":"2012-12-11T18:33:00","modified_gmt":"2012-12-11T20:33:00","slug":"secretaria_do_consumidor_notifica_avon_por_causa_de_recall","status":"publish","type":"post","link":"https:\/\/blogs.correiobraziliense.com.br\/consumidor\/secretaria_do_consumidor_notifica_avon_por_causa_de_recall\/","title":{"rendered":"Secretaria do Consumidor notifica Avon por causa de recall"},"content":{"rendered":"<p>A Avon Cosm\u00e9ticos foi notificada pela Secretaria Nacional do Consumidor do Minist\u00e9rio da Justi\u00e7a (Senacon\/MJ) por omiss\u00e3o de informa\u00e7\u00f5es no comunicado de recall protocolado no \u00faltimo dia 23 de novembro. <\/p>\n<p>Na ocasi\u00e3o, a Senacon pediu \u00e0 empresa informa\u00e7\u00f5es de como estariam os produtos que sofreram recall e tamb\u00e9m exigiu um plano de m\u00eddia sobre a troca das mercadorias. <\/p>\n<p>&nbsp; <\/p>\n<p>A empresa tem at\u00e9 o pr\u00f3ximo dia 20 para responder a notifica\u00e7\u00e3o. Caso contr\u00e1rio, pode ser&nbsp; multada em R$ 6 milh\u00f5es.  <\/p>\n<p>&nbsp;<\/p>\n","protected":false},"excerpt":{"rendered":"<p>A Avon Cosm\u00e9ticos foi notificada pela Secretaria Nacional do Consumidor do Minist\u00e9rio da Justi\u00e7a (Senacon\/MJ) por omiss\u00e3o de informa\u00e7\u00f5es no comunicado de recall protocolado no \u00faltimo dia 23 de novembro. Na ocasi\u00e3o, a Senacon pediu \u00e0 empresa informa\u00e7\u00f5es de como estariam os produtos que sofreram recall e tamb\u00e9m exigiu um plano de m\u00eddia sobre a troca das mercadorias. &nbsp; A [&hellip;]<\/p>\n","protected":false},"author":28,"featured_media":0,"comment_status":"open","ping_status":"open","sticky":false,"template":"","format":"standard","meta":{"footnotes":""},"categories":[1],"tags":[],"class_list":["post-272","post","type-post","status-publish","format-standard","hentry","category-sem-categoria"],"_links":{"self":[{"href":"https:\/\/blogs.correiobraziliense.com.br\/consumidor\/wp-json\/wp\/v2\/posts\/272","targetHints":{"allow":["GET"]}}],"collection":[{"href":"https:\/\/blogs.correiobraziliense.com.br\/consumidor\/wp-json\/wp\/v2\/posts"}],"about":[{"href":"https:\/\/blogs.correiobraziliense.com.br\/consumidor\/wp-json\/wp\/v2\/types\/post"}],"author":[{"embeddable":true,"href":"https:\/\/blogs.correiobraziliense.com.br\/consumidor\/wp-json\/wp\/v2\/users\/28"}],"replies":[{"embeddable":true,"href":"https:\/\/blogs.correiobraziliense.com.br\/consumidor\/wp-json\/wp\/v2\/comments?post=272"}],"version-history":[{"count":0,"href":"https:\/\/blogs.correiobraziliense.com.br\/consumidor\/wp-json\/wp\/v2\/posts\/272\/revisions"}],"wp:attachment":[{"href":"https:\/\/blogs.correiobraziliense.com.br\/consumidor\/wp-json\/wp\/v2\/media?parent=272"}],"wp:term":[{"taxonomy":"category","embeddable":true,"href":"https:\/\/blogs.correiobraziliense.com.br\/consumidor\/wp-json\/wp\/v2\/categories?post=272"},{"taxonomy":"post_tag","embeddable":true,"href":"https:\/\/blogs.correiobraziliense.com.br\/consumidor\/wp-json\/wp\/v2\/tags?post=272"}],"curies":[{"name":"wp","href":"https:\/\/api.w.org\/{rel}","templated":true}]}}