{"id":271,"date":"2012-12-11T17:26:00","date_gmt":"2012-12-11T19:26:00","guid":{"rendered":"https:\/\/blogs.correiobraziliense.com.br\/consumidor\/procon-sp_pede_esclarecimentos_sobre_fechamento_do_carrefour_virtual\/"},"modified":"2012-12-11T17:26:00","modified_gmt":"2012-12-11T19:26:00","slug":"procon-sp_pede_esclarecimentos_sobre_fechamento_do_carrefour_virtual","status":"publish","type":"post","link":"https:\/\/blogs.correiobraziliense.com.br\/consumidor\/procon-sp_pede_esclarecimentos_sobre_fechamento_do_carrefour_virtual\/","title":{"rendered":"Procon-SP pede esclarecimentos sobre fechamento do Carrefour virtual"},"content":{"rendered":"<div class=\"western\" align=\"center\">\n<\/div>\n<div class=\"western\" align=\"justify\">O Procon-SP enviou notifica\u00e7\u00e3o para o Grupo Carrefour pedindo explica\u00e7\u00f5es sobre quais as provid\u00eancias ser\u00e3o tomadas para garantir os direitos dos consumidores. A empresa anunciou na \u00faltima sexta-feira o encerramento das atividades da loja virtual. <\/p>\n<p>A funda\u00e7\u00e3o quer saber como ser\u00e1 feita a entrega das mercadorias j\u00e1 compradas por clientes e qual ser\u00e1 a estimativa de envio. O Carrefour tem at\u00e9 a pr\u00f3xima sexta para responder ao \u00f3rg\u00e3o. <\/p>\n<\/div>\n<div class=\"western\" align=\"justify\">O Procon-SP orienta que todos os contratos firmados devem ser cumpridos normalmente, como a pr\u00f3pria empresa se comprometeu em comunicado divulgado no site. Caso isso n\u00e3o aconte\u00e7a, o consumidor deve procurar primeiro a empresa para tentar resolver o problema por meio dos canais de atendimento por ela disponibilizados e, se encontrar dificuldades ou o caso n\u00e3o for solucionado, pode reclamar ao \u00f3rg\u00e3o de defesa do consumidor da sua cidade.<a href=\"http:\/\/www.procon.sp.gov.br\/atendimento_texto.asp\">  <\/p>\n<p><\/a><\/div>\n<div class=\"western\" align=\"justify\">\n<\/div>\n<div class=\"western\" align=\"justify\">\n<\/div>\n","protected":false},"excerpt":{"rendered":"<p>O Procon-SP enviou notifica\u00e7\u00e3o para o Grupo Carrefour pedindo explica\u00e7\u00f5es sobre quais as provid\u00eancias ser\u00e3o tomadas para garantir os direitos dos consumidores. A empresa anunciou na \u00faltima sexta-feira o encerramento das atividades da loja virtual. A funda\u00e7\u00e3o quer saber como ser\u00e1 feita a entrega das mercadorias j\u00e1 compradas por clientes e qual ser\u00e1 a estimativa de envio. O Carrefour tem [&hellip;]<\/p>\n","protected":false},"author":28,"featured_media":0,"comment_status":"open","ping_status":"open","sticky":false,"template":"","format":"standard","meta":{"footnotes":""},"categories":[1],"tags":[],"class_list":["post-271","post","type-post","status-publish","format-standard","hentry","category-sem-categoria"],"_links":{"self":[{"href":"https:\/\/blogs.correiobraziliense.com.br\/consumidor\/wp-json\/wp\/v2\/posts\/271","targetHints":{"allow":["GET"]}}],"collection":[{"href":"https:\/\/blogs.correiobraziliense.com.br\/consumidor\/wp-json\/wp\/v2\/posts"}],"about":[{"href":"https:\/\/blogs.correiobraziliense.com.br\/consumidor\/wp-json\/wp\/v2\/types\/post"}],"author":[{"embeddable":true,"href":"https:\/\/blogs.correiobraziliense.com.br\/consumidor\/wp-json\/wp\/v2\/users\/28"}],"replies":[{"embeddable":true,"href":"https:\/\/blogs.correiobraziliense.com.br\/consumidor\/wp-json\/wp\/v2\/comments?post=271"}],"version-history":[{"count":0,"href":"https:\/\/blogs.correiobraziliense.com.br\/consumidor\/wp-json\/wp\/v2\/posts\/271\/revisions"}],"wp:attachment":[{"href":"https:\/\/blogs.correiobraziliense.com.br\/consumidor\/wp-json\/wp\/v2\/media?parent=271"}],"wp:term":[{"taxonomy":"category","embeddable":true,"href":"https:\/\/blogs.correiobraziliense.com.br\/consumidor\/wp-json\/wp\/v2\/categories?post=271"},{"taxonomy":"post_tag","embeddable":true,"href":"https:\/\/blogs.correiobraziliense.com.br\/consumidor\/wp-json\/wp\/v2\/tags?post=271"}],"curies":[{"name":"wp","href":"https:\/\/api.w.org\/{rel}","templated":true}]}}