{"id":27,"date":"2015-02-26T16:13:00","date_gmt":"2015-02-26T19:13:00","guid":{"rendered":"https:\/\/blogs.correiobraziliense.com.br\/consumidor\/ambev_muda_pecas_publicitarias_apos_reclamacao_de_associacao_de_consumidores\/"},"modified":"2016-05-13T19:34:22","modified_gmt":"2016-05-13T22:34:22","slug":"ambev_muda_pecas_publicitarias_apos_reclamacao_de_associacao_de_consumidores","status":"publish","type":"post","link":"https:\/\/blogs.correiobraziliense.com.br\/consumidor\/ambev_muda_pecas_publicitarias_apos_reclamacao_de_associacao_de_consumidores\/","title":{"rendered":"Ambev muda pe\u00e7as publicit\u00e1rias ap\u00f3s reclama\u00e7\u00e3o de associa\u00e7\u00e3o de consumidores"},"content":{"rendered":"\n<p>Em reuni\u00e3o no Conselho Nacional de Autorregulamenta\u00e7\u00e3o Publicit\u00e1ria (Conar), a Ambev aceitou ajustar as pe\u00e7as publicit\u00e1rias do Guaran\u00e1 Antarctica Black. Ser\u00e1 alterada a express\u00e3o \u201cGuaran\u00e1, A\u00e7a\u00ed e Frutas da Amaz\u00f4nia\u201d por \u201cFrutas da Amaz\u00f4nia: Guaran\u00e1 e Sabor A\u00e7a\u00ed\u201d.   <\/p>\n<p>A audi\u00eancia no Conar ocorreu depois que a Proteste Associa\u00e7\u00e3o de Consumidores pediu, h\u00e1 quinze dias, aos \u00f3rg\u00e3os e aos Procons de S\u00e3o Paulo e do Rio de Janeiro que tomassem provid\u00eancias. Na opini\u00e3o da associa\u00e7\u00e3o, a propaganda do refrigerante era enganosa porque anunciava o sabor a\u00e7a\u00ed quando, no r\u00f3tulo, n\u00e3o tinha a fruta na lista de ingredientes.   <\/p>\n<p>A fabricante do refrigerante apresentou c\u00f3pia do registro do produto no Minist\u00e9rio da Agricultura que comprova a presen\u00e7a de aroma natural de a\u00e7a\u00ed na sua composi\u00e7\u00e3o. Em at\u00e9 seis meses tamb\u00e9m ser\u00e1 alterada a embalagem do produto para que conste expressamente a exist\u00eancia de &#8220;aroma natural de a\u00e7a\u00ed&#8221; e &#8220;aroma natural de guaran\u00e1&#8221; e n\u00e3o apenas a palavra &#8220;aromatizante&#8221;, na lista de ingredientes.   <\/p>\n<p>O uso da express\u00e3o &#8220;sabor&#8221; \u00e9 permitida pela Ag\u00eancia Nacional de Vigil\u00e2ncia Sanit\u00e1ria e seu uso publicit\u00e1rio, inclusive com alus\u00e3o, imagens e etc ao pr\u00f3prio produto (a\u00e7a\u00ed, no caso) \u00e9 autorizado pelo Conar.   <\/p>\n","protected":false},"excerpt":{"rendered":"<p>Em reuni\u00e3o no Conselho Nacional de Autorregulamenta\u00e7\u00e3o Publicit\u00e1ria (Conar), a Ambev aceitou ajustar as pe\u00e7as publicit\u00e1rias do Guaran\u00e1 Antarctica Black. Ser\u00e1 alterada a express\u00e3o \u201cGuaran\u00e1, A\u00e7a\u00ed e Frutas da Amaz\u00f4nia\u201d por \u201cFrutas da Amaz\u00f4nia: Guaran\u00e1 e Sabor A\u00e7a\u00ed\u201d. A audi\u00eancia no Conar ocorreu depois que a Proteste Associa\u00e7\u00e3o de Consumidores pediu, h\u00e1 quinze dias, aos \u00f3rg\u00e3os e aos Procons de [&hellip;]<\/p>\n","protected":false},"author":28,"featured_media":0,"comment_status":"open","ping_status":"closed","sticky":false,"template":"","format":"standard","meta":{"footnotes":""},"categories":[1],"tags":[],"class_list":["post-27","post","type-post","status-publish","format-standard","hentry","category-sem-categoria"],"_links":{"self":[{"href":"https:\/\/blogs.correiobraziliense.com.br\/consumidor\/wp-json\/wp\/v2\/posts\/27","targetHints":{"allow":["GET"]}}],"collection":[{"href":"https:\/\/blogs.correiobraziliense.com.br\/consumidor\/wp-json\/wp\/v2\/posts"}],"about":[{"href":"https:\/\/blogs.correiobraziliense.com.br\/consumidor\/wp-json\/wp\/v2\/types\/post"}],"author":[{"embeddable":true,"href":"https:\/\/blogs.correiobraziliense.com.br\/consumidor\/wp-json\/wp\/v2\/users\/28"}],"replies":[{"embeddable":true,"href":"https:\/\/blogs.correiobraziliense.com.br\/consumidor\/wp-json\/wp\/v2\/comments?post=27"}],"version-history":[{"count":1,"href":"https:\/\/blogs.correiobraziliense.com.br\/consumidor\/wp-json\/wp\/v2\/posts\/27\/revisions"}],"predecessor-version":[{"id":1137,"href":"https:\/\/blogs.correiobraziliense.com.br\/consumidor\/wp-json\/wp\/v2\/posts\/27\/revisions\/1137"}],"wp:attachment":[{"href":"https:\/\/blogs.correiobraziliense.com.br\/consumidor\/wp-json\/wp\/v2\/media?parent=27"}],"wp:term":[{"taxonomy":"category","embeddable":true,"href":"https:\/\/blogs.correiobraziliense.com.br\/consumidor\/wp-json\/wp\/v2\/categories?post=27"},{"taxonomy":"post_tag","embeddable":true,"href":"https:\/\/blogs.correiobraziliense.com.br\/consumidor\/wp-json\/wp\/v2\/tags?post=27"}],"curies":[{"name":"wp","href":"https:\/\/api.w.org\/{rel}","templated":true}]}}