{"id":269,"date":"2012-12-10T12:07:00","date_gmt":"2012-12-10T14:07:00","guid":{"rendered":"https:\/\/blogs.correiobraziliense.com.br\/consumidor\/posto_de_coleta_de_eletroeletronico_ate_o_proximo_dia_16\/"},"modified":"2012-12-10T12:07:00","modified_gmt":"2012-12-10T14:07:00","slug":"posto_de_coleta_de_eletroeletronico_ate_o_proximo_dia_16","status":"publish","type":"post","link":"https:\/\/blogs.correiobraziliense.com.br\/consumidor\/posto_de_coleta_de_eletroeletronico_ate_o_proximo_dia_16\/","title":{"rendered":"Posto de coleta de eletroeletr\u00f4nico at\u00e9 o pr\u00f3ximo dia 16"},"content":{"rendered":"\n<p>Quem n\u00e3o sabe o que fazer com os equipamentos eletr\u00f4nicos estragados ou sem uso, pode aproveitar at\u00e9 o pr\u00f3ximo dia 16 para descart\u00e1-lo. A Philips est\u00e1 com dois pontos de coleta na esta\u00e7\u00f5es de metr\u00f4 Central e a de \u00c1guas Claras. Nesses postos de descarte, os consumidores podem levar tamb\u00e9m produtos de outras marcas. A ideia \u00e9 conscientizar sobre o descarte correto dos&nbsp; aparelhos e reciclar o que for poss\u00edvel. Al\u00e9m de Bras\u00edlia, Belo Horizonte e Rio de Janeiro tamb\u00e9m est\u00e3o com postos de coleta, sendo 10 em todo o Brasil. A expectativa \u00e9 que 20 toneladas de lixo eletr\u00f4nico seja despejada. Para mais informa\u00e7\u00f5es: www.philips.com.br.  <\/p>\n","protected":false},"excerpt":{"rendered":"<p>Quem n\u00e3o sabe o que fazer com os equipamentos eletr\u00f4nicos estragados ou sem uso, pode aproveitar at\u00e9 o pr\u00f3ximo dia 16 para descart\u00e1-lo. A Philips est\u00e1 com dois pontos de coleta na esta\u00e7\u00f5es de metr\u00f4 Central e a de \u00c1guas Claras. Nesses postos de descarte, os consumidores podem levar tamb\u00e9m produtos de outras marcas. A ideia \u00e9 conscientizar sobre o [&hellip;]<\/p>\n","protected":false},"author":28,"featured_media":0,"comment_status":"open","ping_status":"open","sticky":false,"template":"","format":"standard","meta":{"footnotes":""},"categories":[1],"tags":[],"class_list":["post-269","post","type-post","status-publish","format-standard","hentry","category-sem-categoria"],"_links":{"self":[{"href":"https:\/\/blogs.correiobraziliense.com.br\/consumidor\/wp-json\/wp\/v2\/posts\/269","targetHints":{"allow":["GET"]}}],"collection":[{"href":"https:\/\/blogs.correiobraziliense.com.br\/consumidor\/wp-json\/wp\/v2\/posts"}],"about":[{"href":"https:\/\/blogs.correiobraziliense.com.br\/consumidor\/wp-json\/wp\/v2\/types\/post"}],"author":[{"embeddable":true,"href":"https:\/\/blogs.correiobraziliense.com.br\/consumidor\/wp-json\/wp\/v2\/users\/28"}],"replies":[{"embeddable":true,"href":"https:\/\/blogs.correiobraziliense.com.br\/consumidor\/wp-json\/wp\/v2\/comments?post=269"}],"version-history":[{"count":0,"href":"https:\/\/blogs.correiobraziliense.com.br\/consumidor\/wp-json\/wp\/v2\/posts\/269\/revisions"}],"wp:attachment":[{"href":"https:\/\/blogs.correiobraziliense.com.br\/consumidor\/wp-json\/wp\/v2\/media?parent=269"}],"wp:term":[{"taxonomy":"category","embeddable":true,"href":"https:\/\/blogs.correiobraziliense.com.br\/consumidor\/wp-json\/wp\/v2\/categories?post=269"},{"taxonomy":"post_tag","embeddable":true,"href":"https:\/\/blogs.correiobraziliense.com.br\/consumidor\/wp-json\/wp\/v2\/tags?post=269"}],"curies":[{"name":"wp","href":"https:\/\/api.w.org\/{rel}","templated":true}]}}