{"id":263,"date":"2012-12-03T16:35:00","date_gmt":"2012-12-03T18:35:00","guid":{"rendered":"https:\/\/blogs.correiobraziliense.com.br\/consumidor\/para_o_idec_em_30_anos_os_planos_de_saude_serao_impagaveis\/"},"modified":"2012-12-03T16:35:00","modified_gmt":"2012-12-03T18:35:00","slug":"para_o_idec_em_30_anos_os_planos_de_saude_serao_impagaveis","status":"publish","type":"post","link":"https:\/\/blogs.correiobraziliense.com.br\/consumidor\/para_o_idec_em_30_anos_os_planos_de_saude_serao_impagaveis\/","title":{"rendered":"Para o Idec, em 30 anos, os planos de sa\u00fade ser\u00e3o impag\u00e1veis"},"content":{"rendered":"\n<p>O Instituto Brasileiro de Defesa do Consumidor (Idec) calculou o reajuste m\u00e9dio anual dos planos de sa\u00fade, comparou com o \u00edndice de infla\u00e7\u00e3o e chegou \u00e0 conclus\u00e3o que se a porcentagem de aumento continuar subindo na velocidade dos \u00faltimos dois anos, o plano de sa\u00fade custar\u00e1 70% da renda do trabalhador. Inviabilizando, portanto, a contrata\u00e7\u00e3o do servi\u00e7o.   <\/p>\n<p> De acordo com a associa\u00e7\u00e3o, em apenas dois anos, o reajuste dos planos cresceu mais do que a infla\u00e7\u00e3o, sete pontos percentuais.    <\/p>\n<p> A rela\u00e7\u00e3o entre o reajuste dos planos de sa\u00fade individuais e familiares e a infla\u00e7\u00e3o (IPCA) acumulada entre 2002 e 2012 apresentou uma diferen\u00e7a de 38,12%.    <\/p>\n<p>Esse resultado indica que os planos de sa\u00fade continuam a ser corrigidos acima da reposi\u00e7\u00e3o inflacion\u00e1ria, ampliando ainda mais o descasamento com a recomposi\u00e7\u00e3o de renda do consumidor, feita pelo \u00edndice de infla\u00e7\u00e3o. Segundo o Idec se essa diferen\u00e7a entre os \u00edndices se mantiver nos pr\u00f3ximos 30 anos, o consumidor perder\u00e1 a capacidade de pagamento dos planos de sa\u00fade porque as mensalidades ser\u00e3o corrigidas em 163,49% acima do IPCA.   <\/p>\n<p>C\u00e1lculos:   <\/p>\n<p>Um consumidor que tem, hoje, 30 anos, e que possui um plano individual em torno de R$ 210,07 (valor ilustrativo de um plano individual de uma grande operadora), com renda de R$ 3.000,00 por m\u00eas, compromete 7% de seus rendimentos para honrar seus compromissos com a operadora. Se forem mantidas as condi\u00e7\u00f5es de reposi\u00e7\u00e3o salarial e as regras atuais de reajuste dos planos de sa\u00fade, quando este consumidor completar 60 anos, ter\u00e1, primeiramente, mudado de faixa et\u00e1ria, e seu plano de sa\u00fade ter\u00e1 sofrido um acr\u00e9scimo de 296,79%.   Al\u00e9m desse acr\u00e9scimo, se aplicado o reajuste de 163,49% acima da infla\u00e7\u00e3o no per\u00edodo, seu plano passar\u00e1 dos R$ 210,07 para R$ 2.196,28, o que representaria 73,21% de sua renda, e inviabilizaria o pagamento do plano de sa\u00fade.    <\/p>\n","protected":false},"excerpt":{"rendered":"<p>O Instituto Brasileiro de Defesa do Consumidor (Idec) calculou o reajuste m\u00e9dio anual dos planos de sa\u00fade, comparou com o \u00edndice de infla\u00e7\u00e3o e chegou \u00e0 conclus\u00e3o que se a porcentagem de aumento continuar subindo na velocidade dos \u00faltimos dois anos, o plano de sa\u00fade custar\u00e1 70% da renda do trabalhador. Inviabilizando, portanto, a contrata\u00e7\u00e3o do servi\u00e7o. De acordo com [&hellip;]<\/p>\n","protected":false},"author":28,"featured_media":0,"comment_status":"open","ping_status":"open","sticky":false,"template":"","format":"standard","meta":{"footnotes":""},"categories":[1],"tags":[],"class_list":["post-263","post","type-post","status-publish","format-standard","hentry","category-sem-categoria"],"_links":{"self":[{"href":"https:\/\/blogs.correiobraziliense.com.br\/consumidor\/wp-json\/wp\/v2\/posts\/263","targetHints":{"allow":["GET"]}}],"collection":[{"href":"https:\/\/blogs.correiobraziliense.com.br\/consumidor\/wp-json\/wp\/v2\/posts"}],"about":[{"href":"https:\/\/blogs.correiobraziliense.com.br\/consumidor\/wp-json\/wp\/v2\/types\/post"}],"author":[{"embeddable":true,"href":"https:\/\/blogs.correiobraziliense.com.br\/consumidor\/wp-json\/wp\/v2\/users\/28"}],"replies":[{"embeddable":true,"href":"https:\/\/blogs.correiobraziliense.com.br\/consumidor\/wp-json\/wp\/v2\/comments?post=263"}],"version-history":[{"count":0,"href":"https:\/\/blogs.correiobraziliense.com.br\/consumidor\/wp-json\/wp\/v2\/posts\/263\/revisions"}],"wp:attachment":[{"href":"https:\/\/blogs.correiobraziliense.com.br\/consumidor\/wp-json\/wp\/v2\/media?parent=263"}],"wp:term":[{"taxonomy":"category","embeddable":true,"href":"https:\/\/blogs.correiobraziliense.com.br\/consumidor\/wp-json\/wp\/v2\/categories?post=263"},{"taxonomy":"post_tag","embeddable":true,"href":"https:\/\/blogs.correiobraziliense.com.br\/consumidor\/wp-json\/wp\/v2\/tags?post=263"}],"curies":[{"name":"wp","href":"https:\/\/api.w.org\/{rel}","templated":true}]}}