{"id":2612,"date":"2018-06-13T16:01:51","date_gmt":"2018-06-13T19:01:51","guid":{"rendered":"https:\/\/blogs.correiobraziliense.com.br\/consumidor\/?p=2612"},"modified":"2018-06-13T23:01:45","modified_gmt":"2018-06-14T02:01:45","slug":"veja-como-o-comercio-vai-funcionar-durante-os-jogos-do-brasil-da-copa-do-mundo","status":"publish","type":"post","link":"https:\/\/blogs.correiobraziliense.com.br\/consumidor\/veja-como-o-comercio-vai-funcionar-durante-os-jogos-do-brasil-da-copa-do-mundo\/","title":{"rendered":"Veja como o com\u00e9rcio vai funcionar durante os jogos do Brasil da Copa do Mundo"},"content":{"rendered":"<figure id=\"attachment_2613\" aria-describedby=\"caption-attachment-2613\" style=\"width: 800px\" class=\"wp-caption aligncenter\"><a href=\"https:\/\/blogs.correiobraziliense.com.br\/consumidor\/wp-content\/uploads\/sites\/11\/2018\/06\/CBPFOT120620180878.jpg\" rel=\"attachment wp-att-2613\"><img loading=\"lazy\" decoding=\"async\" class=\"size-full wp-image-2613\" src=\"https:\/\/blogs.correiobraziliense.com.br\/consumidor\/wp-content\/uploads\/sites\/11\/2018\/06\/CBPFOT120620180878.jpg\" alt=\"Com\u00e9rcio ter\u00e1 hor\u00e1rio diferenciado durante jogos. Cr\u00e9dito: Lu\u00eds Nova\/Esp.CB\/D.A. Press. \" width=\"800\" height=\"533\" srcset=\"https:\/\/blogs.correiobraziliense.com.br\/consumidor\/wp-content\/uploads\/sites\/11\/2018\/06\/CBPFOT120620180878.jpg 800w, https:\/\/blogs.correiobraziliense.com.br\/consumidor\/wp-content\/uploads\/sites\/11\/2018\/06\/CBPFOT120620180878-300x200.jpg 300w, https:\/\/blogs.correiobraziliense.com.br\/consumidor\/wp-content\/uploads\/sites\/11\/2018\/06\/CBPFOT120620180878-768x512.jpg 768w, https:\/\/blogs.correiobraziliense.com.br\/consumidor\/wp-content\/uploads\/sites\/11\/2018\/06\/CBPFOT120620180878-350x233.jpg 350w, https:\/\/blogs.correiobraziliense.com.br\/consumidor\/wp-content\/uploads\/sites\/11\/2018\/06\/CBPFOT120620180878-550x366.jpg 550w, https:\/\/blogs.correiobraziliense.com.br\/consumidor\/wp-content\/uploads\/sites\/11\/2018\/06\/CBPFOT120620180878-230x153.jpg 230w\" sizes=\"auto, (max-width: 800px) 100vw, 800px\" \/><\/a><figcaption id=\"caption-attachment-2613\" class=\"wp-caption-text\">Com\u00e9rcio ter\u00e1 hor\u00e1rio diferenciado durante jogos. Cr\u00e9dito: Lu\u00eds Nova\/Esp.CB\/D.A. Press.<\/figcaption><\/figure>\n<p>A Federa\u00e7\u00e3o do Com\u00e9rcio, Bens e Servi\u00e7os e Turismo do Distrito Federal (Fecom\u00e9rcio) divulgou nesta quarta-feira (13\/6) o hor\u00e1rio de funcionamento do com\u00e9rcio do Distrito Federal durante os jogos da sele\u00e7\u00e3o brasileira na Copa do Mundo na R\u00fassia, que ocorre entre os dias 14 de junho e 15 de julho.<\/p>\n<p><strong>&gt;&gt; Confira:\u00a0<\/strong><\/p>\n<p>&nbsp;<\/p>\n<p><strong>Dia 17 de junho (domingo) \u2013 hor\u00e1rio do jogo: 15h<\/strong><\/p>\n<p>Shoppings: fechados<\/p>\n<p>Com\u00e9rcio de rua: as lojas que abrirem no per\u00edodo da manh\u00e3 fechar\u00e3o \u00e0s 14h<\/p>\n<p>&nbsp;<\/p>\n<p>&nbsp;<\/p>\n<p><strong>Dia 22 de junho (sexta-feira) \u2013 hor\u00e1rio do jogo: 9h<\/strong><\/p>\n<p>Shoppings: iniciar\u00e3o as atividades ap\u00f3s 12h<\/p>\n<p>Com\u00e9rcio de rua: iniciar\u00e1 as atividades ap\u00f3s 12h<\/p>\n<p>&nbsp;<\/p>\n<p><strong>Dia 27 de junho (quarta-feira) \u2013 hor\u00e1rio do jogo: 15h<\/strong><\/p>\n<p>Shoppings: fecham \u00e0s 14h30 e reabrem \u00e0s 17h30<\/p>\n<p>Com\u00e9rcio de rua: fecha \u00e0s 14h30, retorno facultativo \u00e0s 17h30<\/p>\n<p>&nbsp;<\/p>\n<p>&nbsp;<\/p>\n<p><strong>Havendo classifica\u00e7\u00e3o para as fases seguintes, ser\u00e3o observados os seguintes hor\u00e1rios nos dias de jogos:<\/strong><\/p>\n<p>&nbsp;<\/p>\n<p><strong>Hor\u00e1rio do jogo \u00e0s 9h<\/strong><\/p>\n<p>Shoppings \u2013 in\u00edcio das atividades ap\u00f3s 12h<\/p>\n<p>Com\u00e9rcio de rua \u2013 in\u00edcio das atividades ap\u00f3s 12h<\/p>\n<p>&nbsp;<\/p>\n<p><strong>Hor\u00e1rio do jogo \u00e0s 11h<\/strong><\/p>\n<p>Shoppings \u2013 fecham \u00e0s 10h30 e retornam \u00e0s 13h30<\/p>\n<p>Com\u00e9rcio de rua \u2013 fecha \u00e0s 10h30 e retorna \u00e0s 13h30<\/p>\n<p>&nbsp;<\/p>\n<p><strong>Hor\u00e1rio do jogo \u00e0s 15h<\/strong><\/p>\n<p>Shoppings \u2013 fecham \u00e0s 14h30 e retornam \u00e0s 17h30<\/p>\n<p>Com\u00e9rcio de rua \u2013 fecha \u00e0s 14h30, com retorno facultativo \u00e0s 17h30<\/p>\n<p>&nbsp;<\/p>\n<p><strong>Jogos aos domingos:<\/strong><\/p>\n<p>&nbsp;<\/p>\n<p>Hor\u00e1rio do jogo \u00e0s 9h<\/p>\n<p>Shoppings \u2013 in\u00edcio das atividades \u00e0s 12h<\/p>\n<p>Com\u00e9rcio de rua \u2013 in\u00edcio das atividades \u00e0s 12h<\/p>\n<p>&nbsp;<\/p>\n<p>Hor\u00e1rio do jogo \u00e0s 11h<\/p>\n<p>Shoppings \u2013 in\u00edcio das atividades \u00e0s 14h<\/p>\n<p>Com\u00e9rcio de rua \u2013 in\u00edcio das atividades \u00e0s 13h30<\/p>\n<p>&nbsp;<\/p>\n<p>Hor\u00e1rio do jogo \u00e0s 12h<\/p>\n<p>Shoppings \u2013 in\u00edcio das atividades \u00e0s 15h<\/p>\n<p>Com\u00e9rcio de rua \u2013 fecha \u00e0s 11h30, retorno facultativo ap\u00f3s 15h30<\/p>\n<p>&nbsp;<\/p>\n<p>Hor\u00e1rio do jogo \u00e0s 15h<\/p>\n<p>Shoppings \u2013 fechados<\/p>\n<p>Com\u00e9rcio de rua \u2013 fecha \u00e0s 14h30, com retorno facultativo<\/p>\n","protected":false},"excerpt":{"rendered":"<p>A Federa\u00e7\u00e3o do Com\u00e9rcio, Bens e Servi\u00e7os e Turismo do Distrito Federal (Fecom\u00e9rcio) divulgou nesta quarta-feira (13\/6) o hor\u00e1rio de funcionamento do com\u00e9rcio do Distrito Federal durante os jogos da sele\u00e7\u00e3o brasileira na Copa do Mundo na R\u00fassia, que ocorre entre os dias 14 de junho e 15 de julho. &gt;&gt; Confira:\u00a0 &nbsp; Dia 17 de junho (domingo) \u2013 hor\u00e1rio [&hellip;]<\/p>\n","protected":false},"author":28,"featured_media":0,"comment_status":"open","ping_status":"closed","sticky":false,"template":"","format":"standard","meta":{"footnotes":""},"categories":[144],"tags":[499,5,497,215,500,416,498],"class_list":["post-2612","post","type-post","status-publish","format-standard","hentry","category-consumidor","tag-abre","tag-comercio","tag-copa","tag-distrito-federal","tag-fecha","tag-funcionamento","tag-russia"],"_links":{"self":[{"href":"https:\/\/blogs.correiobraziliense.com.br\/consumidor\/wp-json\/wp\/v2\/posts\/2612","targetHints":{"allow":["GET"]}}],"collection":[{"href":"https:\/\/blogs.correiobraziliense.com.br\/consumidor\/wp-json\/wp\/v2\/posts"}],"about":[{"href":"https:\/\/blogs.correiobraziliense.com.br\/consumidor\/wp-json\/wp\/v2\/types\/post"}],"author":[{"embeddable":true,"href":"https:\/\/blogs.correiobraziliense.com.br\/consumidor\/wp-json\/wp\/v2\/users\/28"}],"replies":[{"embeddable":true,"href":"https:\/\/blogs.correiobraziliense.com.br\/consumidor\/wp-json\/wp\/v2\/comments?post=2612"}],"version-history":[{"count":3,"href":"https:\/\/blogs.correiobraziliense.com.br\/consumidor\/wp-json\/wp\/v2\/posts\/2612\/revisions"}],"predecessor-version":[{"id":2616,"href":"https:\/\/blogs.correiobraziliense.com.br\/consumidor\/wp-json\/wp\/v2\/posts\/2612\/revisions\/2616"}],"wp:attachment":[{"href":"https:\/\/blogs.correiobraziliense.com.br\/consumidor\/wp-json\/wp\/v2\/media?parent=2612"}],"wp:term":[{"taxonomy":"category","embeddable":true,"href":"https:\/\/blogs.correiobraziliense.com.br\/consumidor\/wp-json\/wp\/v2\/categories?post=2612"},{"taxonomy":"post_tag","embeddable":true,"href":"https:\/\/blogs.correiobraziliense.com.br\/consumidor\/wp-json\/wp\/v2\/tags?post=2612"}],"curies":[{"name":"wp","href":"https:\/\/api.w.org\/{rel}","templated":true}]}}