{"id":2595,"date":"2018-06-06T10:34:04","date_gmt":"2018-06-06T13:34:04","guid":{"rendered":"https:\/\/blogs.correiobraziliense.com.br\/consumidor\/?p=2595"},"modified":"2018-06-06T16:36:24","modified_gmt":"2018-06-06T19:36:24","slug":"fornecimento-de-gas-de-cozinha-esta-limitado-alerta-sindicato","status":"publish","type":"post","link":"https:\/\/blogs.correiobraziliense.com.br\/consumidor\/fornecimento-de-gas-de-cozinha-esta-limitado-alerta-sindicato\/","title":{"rendered":"Fornecimento de g\u00e1s de cozinha continua limitado, alerta sindicato"},"content":{"rendered":"<h4 style=\"text-align: left\">Segundo o Sindvargas, a oferta do g\u00e1s est\u00e1 escassa porque a\u00a0Petrobras est\u00e1 limitando a disponibilidade da mercadoria em estados como S\u00e3o Paulo, Minas Gerais e Rio de Janeiro &#8211; que s\u00e3o os principais polos supridores do Centro-Oeste. Estatal nega<\/h4>\n<p>&nbsp;<\/p>\n<figure id=\"attachment_1973\" aria-describedby=\"caption-attachment-1973\" style=\"width: 800px\" class=\"wp-caption aligncenter\"><a href=\"https:\/\/blogs.correiobraziliense.com.br\/consumidor\/wp-content\/uploads\/sites\/11\/2017\/09\/CBPFOT200820172170.jpg\" rel=\"attachment wp-att-1973\"><img loading=\"lazy\" decoding=\"async\" class=\"size-full wp-image-1973\" src=\"https:\/\/blogs.correiobraziliense.com.br\/consumidor\/wp-content\/uploads\/sites\/11\/2017\/09\/CBPFOT200820172170.jpg\" alt=\"Credito: Luis Nova\/Esp.CB\/Esp.CB\/D.A. Press\" width=\"800\" height=\"533\" srcset=\"https:\/\/blogs.correiobraziliense.com.br\/consumidor\/wp-content\/uploads\/sites\/11\/2017\/09\/CBPFOT200820172170.jpg 800w, https:\/\/blogs.correiobraziliense.com.br\/consumidor\/wp-content\/uploads\/sites\/11\/2017\/09\/CBPFOT200820172170-300x200.jpg 300w, https:\/\/blogs.correiobraziliense.com.br\/consumidor\/wp-content\/uploads\/sites\/11\/2017\/09\/CBPFOT200820172170-768x512.jpg 768w, https:\/\/blogs.correiobraziliense.com.br\/consumidor\/wp-content\/uploads\/sites\/11\/2017\/09\/CBPFOT200820172170-350x233.jpg 350w, https:\/\/blogs.correiobraziliense.com.br\/consumidor\/wp-content\/uploads\/sites\/11\/2017\/09\/CBPFOT200820172170-550x366.jpg 550w, https:\/\/blogs.correiobraziliense.com.br\/consumidor\/wp-content\/uploads\/sites\/11\/2017\/09\/CBPFOT200820172170-230x153.jpg 230w\" sizes=\"auto, (max-width: 800px) 100vw, 800px\" \/><\/a><figcaption id=\"caption-attachment-1973\" class=\"wp-caption-text\">Cr\u00e9dito: Luis Nova\/Esp.CB\/Esp.CB\/D.A. Press<\/figcaption><\/figure>\n<p>&nbsp;<\/p>\n<p>O\u00a0Sindicato das Empresas Transportadoras e Revendedoras de G\u00e1s LP do Distrito Federal (Sindvargas) informou que a oferta do g\u00e1s de cozinha ainda n\u00e3o est\u00e1 normalizada, conforme o an\u00fancio dos governos local e federal. De acordo com a institui\u00e7\u00e3o, desde segunda-feira (4\/5), a Petrobras est\u00e1 limitando a disponibilidade da mercadoria em estados como S\u00e3o Paulo, Minas Gerais e Rio de Janeiro &#8211; que s\u00e3o os principais polos supridores do Centro-Oeste.<\/p>\n<p>&nbsp;<\/p>\n<p>A entidade alerta ainda que a refinaria de Paul\u00ednia, em S\u00e3o Paulo, est\u00e1 em manuten\u00e7\u00e3o, deixando o acesso ao g\u00e1s de cozinha ainda mais limitado. &#8220;Com isso,a situa\u00e7\u00e3o n\u00e3o tende a normalizar. A n\u00e3o ser que o governo intervenha e a Petrobras mude sua postura fornecendo o produto que a popula\u00e7\u00e3o tanto necessita neste momento&#8221;, diz a nota divulgada \u00e0 imprensa pelo sindicato.<\/p>\n<p>&nbsp;<\/p>\n<p>Na segunda-feira, o governador Rodrigo Rollemberg informou que 30 mil botij\u00f5es estavam chegando diariamente no Distrito Federal e Entorno. O consumo di\u00e1rio \u00e9 de 20 mil unidades, entretanto, a quantia maior seria para suprir os 12 dias que o produto desapareceu das revendedoras por causa da paralisa\u00e7\u00e3o dos caminhoneiros no fim do m\u00eas de maio.<\/p>\n<p>&nbsp;<\/p>\n<p>A Petrobras informou que o fornecimento de g\u00e1s de cozinha est\u00e1 normal. A companhia informou que &#8220;a Petrobras tem ofertado e entregue GLP em quantidade superior \u00e0 planejada, ap\u00f3s o fim da greve dos caminhoneiros e consequente libera\u00e7\u00e3o das distribuidoras para receber o GLP da companhia&#8221;. Em rela\u00e7\u00e3o \u00e0 refinaria de Paul\u00ednia (Replan), a Petrobras informou que a unidade n\u00e3o se encontra em manuten\u00e7\u00e3o programada no momento. Suas unidades operam normalmente, conforme programa\u00e7\u00e3o de produ\u00e7\u00e3o da Petrobras.<\/p>\n","protected":false},"excerpt":{"rendered":"<p>Segundo o Sindvargas, a oferta do g\u00e1s est\u00e1 escassa porque a\u00a0Petrobras est\u00e1 limitando a disponibilidade da mercadoria em estados como S\u00e3o Paulo, Minas Gerais e Rio de Janeiro &#8211; que s\u00e3o os principais polos supridores do Centro-Oeste. Estatal nega &nbsp; &nbsp; O\u00a0Sindicato das Empresas Transportadoras e Revendedoras de G\u00e1s LP do Distrito Federal (Sindvargas) informou que a oferta do g\u00e1s [&hellip;]<\/p>\n","protected":false},"author":28,"featured_media":0,"comment_status":"open","ping_status":"closed","sticky":false,"template":"","format":"standard","meta":{"footnotes":""},"categories":[144],"tags":[],"class_list":["post-2595","post","type-post","status-publish","format-standard","hentry","category-consumidor"],"_links":{"self":[{"href":"https:\/\/blogs.correiobraziliense.com.br\/consumidor\/wp-json\/wp\/v2\/posts\/2595","targetHints":{"allow":["GET"]}}],"collection":[{"href":"https:\/\/blogs.correiobraziliense.com.br\/consumidor\/wp-json\/wp\/v2\/posts"}],"about":[{"href":"https:\/\/blogs.correiobraziliense.com.br\/consumidor\/wp-json\/wp\/v2\/types\/post"}],"author":[{"embeddable":true,"href":"https:\/\/blogs.correiobraziliense.com.br\/consumidor\/wp-json\/wp\/v2\/users\/28"}],"replies":[{"embeddable":true,"href":"https:\/\/blogs.correiobraziliense.com.br\/consumidor\/wp-json\/wp\/v2\/comments?post=2595"}],"version-history":[{"count":4,"href":"https:\/\/blogs.correiobraziliense.com.br\/consumidor\/wp-json\/wp\/v2\/posts\/2595\/revisions"}],"predecessor-version":[{"id":2599,"href":"https:\/\/blogs.correiobraziliense.com.br\/consumidor\/wp-json\/wp\/v2\/posts\/2595\/revisions\/2599"}],"wp:attachment":[{"href":"https:\/\/blogs.correiobraziliense.com.br\/consumidor\/wp-json\/wp\/v2\/media?parent=2595"}],"wp:term":[{"taxonomy":"category","embeddable":true,"href":"https:\/\/blogs.correiobraziliense.com.br\/consumidor\/wp-json\/wp\/v2\/categories?post=2595"},{"taxonomy":"post_tag","embeddable":true,"href":"https:\/\/blogs.correiobraziliense.com.br\/consumidor\/wp-json\/wp\/v2\/tags?post=2595"}],"curies":[{"name":"wp","href":"https:\/\/api.w.org\/{rel}","templated":true}]}}