{"id":2574,"date":"2018-05-30T17:49:48","date_gmt":"2018-05-30T20:49:48","guid":{"rendered":"https:\/\/blogs.correiobraziliense.com.br\/consumidor\/?p=2574"},"modified":"2018-05-30T20:58:45","modified_gmt":"2018-05-30T23:58:45","slug":"ponto-facultativo-e-icms-sem-correcao-para-conter-crise-de-abastecimento","status":"publish","type":"post","link":"https:\/\/blogs.correiobraziliense.com.br\/consumidor\/ponto-facultativo-e-icms-sem-correcao-para-conter-crise-de-abastecimento\/","title":{"rendered":"Ponto facultativo e ICMS sem corre\u00e7\u00e3o para conter crise de abastecimento"},"content":{"rendered":"<p><a href=\"https:\/\/blogs.correiobraziliense.com.br\/consumidor\/wp-content\/uploads\/sites\/11\/2018\/05\/0D1A728C-785E-4E19-9EB4-AD7EDFA454DA.jpeg\" rel=\"attachment wp-att-2517\"><img loading=\"lazy\" decoding=\"async\" class=\"alignnone size-full wp-image-2517 aligncenter\" src=\"https:\/\/blogs.correiobraziliense.com.br\/consumidor\/wp-content\/uploads\/sites\/11\/2018\/05\/0D1A728C-785E-4E19-9EB4-AD7EDFA454DA.jpeg\" alt=\"0D1A728C-785E-4E19-9EB4-AD7EDFA454DA\" width=\"800\" height=\"533\" srcset=\"https:\/\/blogs.correiobraziliense.com.br\/consumidor\/wp-content\/uploads\/sites\/11\/2018\/05\/0D1A728C-785E-4E19-9EB4-AD7EDFA454DA.jpeg 800w, https:\/\/blogs.correiobraziliense.com.br\/consumidor\/wp-content\/uploads\/sites\/11\/2018\/05\/0D1A728C-785E-4E19-9EB4-AD7EDFA454DA-300x200.jpeg 300w, https:\/\/blogs.correiobraziliense.com.br\/consumidor\/wp-content\/uploads\/sites\/11\/2018\/05\/0D1A728C-785E-4E19-9EB4-AD7EDFA454DA-768x512.jpeg 768w, https:\/\/blogs.correiobraziliense.com.br\/consumidor\/wp-content\/uploads\/sites\/11\/2018\/05\/0D1A728C-785E-4E19-9EB4-AD7EDFA454DA-350x233.jpeg 350w, https:\/\/blogs.correiobraziliense.com.br\/consumidor\/wp-content\/uploads\/sites\/11\/2018\/05\/0D1A728C-785E-4E19-9EB4-AD7EDFA454DA-550x366.jpeg 550w, https:\/\/blogs.correiobraziliense.com.br\/consumidor\/wp-content\/uploads\/sites\/11\/2018\/05\/0D1A728C-785E-4E19-9EB4-AD7EDFA454DA-230x153.jpeg 230w\" sizes=\"auto, (max-width: 800px) 100vw, 800px\" \/><\/a><\/p>\n<p>&nbsp;<\/p>\n<p>Para amenizar os efeitos da greve dos caminhoneiros no Distrito Federal, o governo optou por dar ponto facultativo na sexta-feira (2\/6). Dessa forma, escolas, postos de sa\u00fade e outros atendimentos p\u00fablicos estar\u00e3o suspensos. Hospitais de emerg\u00eancia, delegacias e servi\u00e7os em regime de plant\u00e3o continuam funcionando. A ideia do governo \u00e9 diminuir o fluxo, principalmente, de carros.<\/p>\n<p>&nbsp;<\/p>\n<p>Al\u00e9m do ponto facultativo, o governo decidiu congelar os valores de refer\u00eancia para a cobran\u00e7a do Imposto Sobre Circula\u00e7\u00e3o de Bens e Servi\u00e7os (ICMS) dos combust\u00edveis. De acordo com o governador Rodrigo Rollemberg, ser\u00e1 usado o valor praticado antes da greve dos caminhoneiros, ou seja, mais baixo do que atual. O c\u00e1lculo do ICMS \u00e9 28% sobre o pre\u00e7o praticado nas bombas &#8211; se a gasolina custa R$ 5, por exemplo, o imposto local \u00e9, R$ 1,40. Se a base usada no c\u00e1lculo for menor, o pre\u00e7o do imposto e, consequentemente, do combust\u00edvel, tendem a cair.<\/p>\n<p>&nbsp;<\/p>\n<p>Para conter a escassez da gasolina nos postos, o governo informou que o DF vai receber 2 milh\u00f5es de litros de \u00e1lcool anidro &#8211; composto da gasolina -, o que vai ampliar a oferta de 10 milh\u00f5es de litros de gasolina em toda a capital.<\/p>\n<p>&nbsp;<\/p>\n<p>O governador informou ainda que chegar\u00e3o nos pr\u00f3ximos dias 14,5 mil botij\u00f5es de g\u00e1s. \u201cN\u00f3s estamos em contato com os fornecedores para garantir uma oferta maior de g\u00e1s de cozinha\u201d, informou Rollemberg.<\/p>\n<p>&nbsp;<\/p>\n<h4>Sa\u00fade<\/h4>\n<p>&nbsp;<\/p>\n<p>O secret\u00e1rio de Sa\u00fade, Humberto Fonseca, garantiu ainda que chega esta noite 39 mil frascos de soro fisiol\u00f3gico na rede p\u00fablica. A mercadoria vem de Goi\u00e2nia (GO) e segundo o chefe da pasta, a quantia \u00e9 suficiente para mais de 15 dias de abastecimento. Na sexta-feira, outro lote de 39 mil frascos tamb\u00e9m chegar\u00e1 ao DF.<\/p>\n<p>&nbsp;<\/p>\n<p>Humberto Fonseca informou ainda que tem garantias da empresa que fornece oxig\u00eanio que o recurso estar\u00e1 dispon\u00edvel a partir de amanh\u00e3 (1\/6). Hospitais, como o Regional da Asa Norte, s\u00f3 tem estoque at\u00e9 s\u00e1bado. O \u00f3leo para as caldeiras tamb\u00e9m est\u00e1 normalizado.<\/p>\n<p>&nbsp;<\/p>\n<p>N\u00e3o h\u00e1 caminh\u00e3o de ra\u00e7\u00e3o retidos, o que n\u00e3o vai atrapalhar a avicultura local. O DF tamb\u00e9m recebeu frutas e verduras.<\/p>\n","protected":false},"excerpt":{"rendered":"<p>&nbsp; Para amenizar os efeitos da greve dos caminhoneiros no Distrito Federal, o governo optou por dar ponto facultativo na sexta-feira (2\/6). Dessa forma, escolas, postos de sa\u00fade e outros atendimentos p\u00fablicos estar\u00e3o suspensos. Hospitais de emerg\u00eancia, delegacias e servi\u00e7os em regime de plant\u00e3o continuam funcionando. A ideia do governo \u00e9 diminuir o fluxo, principalmente, de carros. &nbsp; Al\u00e9m do [&hellip;]<\/p>\n","protected":false},"author":28,"featured_media":0,"comment_status":"open","ping_status":"closed","sticky":false,"template":"","format":"standard","meta":{"footnotes":""},"categories":[144],"tags":[],"class_list":["post-2574","post","type-post","status-publish","format-standard","hentry","category-consumidor"],"_links":{"self":[{"href":"https:\/\/blogs.correiobraziliense.com.br\/consumidor\/wp-json\/wp\/v2\/posts\/2574","targetHints":{"allow":["GET"]}}],"collection":[{"href":"https:\/\/blogs.correiobraziliense.com.br\/consumidor\/wp-json\/wp\/v2\/posts"}],"about":[{"href":"https:\/\/blogs.correiobraziliense.com.br\/consumidor\/wp-json\/wp\/v2\/types\/post"}],"author":[{"embeddable":true,"href":"https:\/\/blogs.correiobraziliense.com.br\/consumidor\/wp-json\/wp\/v2\/users\/28"}],"replies":[{"embeddable":true,"href":"https:\/\/blogs.correiobraziliense.com.br\/consumidor\/wp-json\/wp\/v2\/comments?post=2574"}],"version-history":[{"count":3,"href":"https:\/\/blogs.correiobraziliense.com.br\/consumidor\/wp-json\/wp\/v2\/posts\/2574\/revisions"}],"predecessor-version":[{"id":2577,"href":"https:\/\/blogs.correiobraziliense.com.br\/consumidor\/wp-json\/wp\/v2\/posts\/2574\/revisions\/2577"}],"wp:attachment":[{"href":"https:\/\/blogs.correiobraziliense.com.br\/consumidor\/wp-json\/wp\/v2\/media?parent=2574"}],"wp:term":[{"taxonomy":"category","embeddable":true,"href":"https:\/\/blogs.correiobraziliense.com.br\/consumidor\/wp-json\/wp\/v2\/categories?post=2574"},{"taxonomy":"post_tag","embeddable":true,"href":"https:\/\/blogs.correiobraziliense.com.br\/consumidor\/wp-json\/wp\/v2\/tags?post=2574"}],"curies":[{"name":"wp","href":"https:\/\/api.w.org\/{rel}","templated":true}]}}