{"id":2558,"date":"2018-05-26T10:34:37","date_gmt":"2018-05-26T13:34:37","guid":{"rendered":"https:\/\/blogs.correiobraziliense.com.br\/consumidor\/?p=2558"},"modified":"2018-05-26T10:34:37","modified_gmt":"2018-05-26T13:34:37","slug":"revendas-de-gas-estao-sem-mercadoria-comunica-sindicato","status":"publish","type":"post","link":"https:\/\/blogs.correiobraziliense.com.br\/consumidor\/revendas-de-gas-estao-sem-mercadoria-comunica-sindicato\/","title":{"rendered":"Revendas de g\u00e1s est\u00e3o sem mercadoria, comunica sindicato"},"content":{"rendered":"<h4>Previs\u00e3o \u00e9 que, ap\u00f3s a normaliza\u00e7\u00e3o das entregas, o consumidor ainda tenha que esperar 24 horas para ter o produto<\/h4>\n<p><a href=\"https:\/\/blogs.correiobraziliense.com.br\/consumidor\/wp-content\/uploads\/sites\/11\/2016\/11\/CBPFOT300820160398.jpg\" rel=\"attachment wp-att-1529\"><img loading=\"lazy\" decoding=\"async\" class=\"alignnone size-full wp-image-1529\" src=\"https:\/\/blogs.correiobraziliense.com.br\/consumidor\/wp-content\/uploads\/sites\/11\/2016\/11\/CBPFOT300820160398.jpg\" alt=\"\" width=\"800\" height=\"531\" srcset=\"https:\/\/blogs.correiobraziliense.com.br\/consumidor\/wp-content\/uploads\/sites\/11\/2016\/11\/CBPFOT300820160398.jpg 800w, https:\/\/blogs.correiobraziliense.com.br\/consumidor\/wp-content\/uploads\/sites\/11\/2016\/11\/CBPFOT300820160398-300x199.jpg 300w, https:\/\/blogs.correiobraziliense.com.br\/consumidor\/wp-content\/uploads\/sites\/11\/2016\/11\/CBPFOT300820160398-768x510.jpg 768w, https:\/\/blogs.correiobraziliense.com.br\/consumidor\/wp-content\/uploads\/sites\/11\/2016\/11\/CBPFOT300820160398-350x232.jpg 350w, https:\/\/blogs.correiobraziliense.com.br\/consumidor\/wp-content\/uploads\/sites\/11\/2016\/11\/CBPFOT300820160398-550x365.jpg 550w, https:\/\/blogs.correiobraziliense.com.br\/consumidor\/wp-content\/uploads\/sites\/11\/2016\/11\/CBPFOT300820160398-230x153.jpg 230w\" sizes=\"auto, (max-width: 800px) 100vw, 800px\" \/><\/a><\/p>\n<p>&nbsp;<\/p>\n<p>O Sindicato das Empresas Transportadoras e Revendedoras de G\u00e1s LP no Distrito Federal (Sindvargas) comunicou que as revendas est\u00e3o com os estoques zerados na capital do Brasil. Desde ter\u00e7a-feira (22\/5), os dep\u00f3sitos n\u00e3o recebem os botij\u00f5es para a comercializa\u00e7\u00e3o por causa da greve dos caminhoneiros que afeta as rodovias brasileiras.<\/p>\n<p>&nbsp;<\/p>\n<p>De acordo com Cyntia Moura Santo, diretora do Sindvargas, os revendedores est\u00e3o fechando as portas por falta de produto. Ela comenta tamb\u00e9m que,\u00a0ap\u00f3s a normaliza\u00e7\u00e3o das entregas, o g\u00e1s de cozinha dom\u00e9stico (P13) deve demorar ao menos 24 horas para chegar ao consumidor residencial. \u201cPois primeiro ser\u00e1 liberado o g\u00e1s granel que atende hospitais e etc.\u201d<\/p>\n<p>&nbsp;<\/p>\n<p>A Pol\u00edcia Militar informou que ainda n\u00e3o foi orientada a fazer escolta do g\u00e1s de cozinhas, apenas de combust\u00edveis como a gasolina.<\/p>\n<p>&nbsp;<\/p>\n<p>O DF est\u00e1 sem receber tanto o g\u00e1s j\u00e1 envasado quanto o que seria engarrafado nas distribuidoras. Os caminh\u00f5es est\u00e3o parados em Valpara\u00edso (GO), \u00a0na BR-060, que liga Goi\u00e2nia a Bras\u00edlia, e na Fercal (DF).<\/p>\n<p>&nbsp;<\/p>\n","protected":false},"excerpt":{"rendered":"<p>Previs\u00e3o \u00e9 que, ap\u00f3s a normaliza\u00e7\u00e3o das entregas, o consumidor ainda tenha que esperar 24 horas para ter o produto &nbsp; O Sindicato das Empresas Transportadoras e Revendedoras de G\u00e1s LP no Distrito Federal (Sindvargas) comunicou que as revendas est\u00e3o com os estoques zerados na capital do Brasil. Desde ter\u00e7a-feira (22\/5), os dep\u00f3sitos n\u00e3o recebem os botij\u00f5es para a comercializa\u00e7\u00e3o [&hellip;]<\/p>\n","protected":false},"author":28,"featured_media":0,"comment_status":"open","ping_status":"closed","sticky":false,"template":"","format":"standard","meta":{"footnotes":""},"categories":[144],"tags":[],"class_list":["post-2558","post","type-post","status-publish","format-standard","hentry","category-consumidor"],"_links":{"self":[{"href":"https:\/\/blogs.correiobraziliense.com.br\/consumidor\/wp-json\/wp\/v2\/posts\/2558","targetHints":{"allow":["GET"]}}],"collection":[{"href":"https:\/\/blogs.correiobraziliense.com.br\/consumidor\/wp-json\/wp\/v2\/posts"}],"about":[{"href":"https:\/\/blogs.correiobraziliense.com.br\/consumidor\/wp-json\/wp\/v2\/types\/post"}],"author":[{"embeddable":true,"href":"https:\/\/blogs.correiobraziliense.com.br\/consumidor\/wp-json\/wp\/v2\/users\/28"}],"replies":[{"embeddable":true,"href":"https:\/\/blogs.correiobraziliense.com.br\/consumidor\/wp-json\/wp\/v2\/comments?post=2558"}],"version-history":[{"count":1,"href":"https:\/\/blogs.correiobraziliense.com.br\/consumidor\/wp-json\/wp\/v2\/posts\/2558\/revisions"}],"predecessor-version":[{"id":2559,"href":"https:\/\/blogs.correiobraziliense.com.br\/consumidor\/wp-json\/wp\/v2\/posts\/2558\/revisions\/2559"}],"wp:attachment":[{"href":"https:\/\/blogs.correiobraziliense.com.br\/consumidor\/wp-json\/wp\/v2\/media?parent=2558"}],"wp:term":[{"taxonomy":"category","embeddable":true,"href":"https:\/\/blogs.correiobraziliense.com.br\/consumidor\/wp-json\/wp\/v2\/categories?post=2558"},{"taxonomy":"post_tag","embeddable":true,"href":"https:\/\/blogs.correiobraziliense.com.br\/consumidor\/wp-json\/wp\/v2\/tags?post=2558"}],"curies":[{"name":"wp","href":"https:\/\/api.w.org\/{rel}","templated":true}]}}