{"id":2553,"date":"2018-05-25T20:21:28","date_gmt":"2018-05-25T23:21:28","guid":{"rendered":"https:\/\/blogs.correiobraziliense.com.br\/consumidor\/?p=2553"},"modified":"2018-05-25T20:21:28","modified_gmt":"2018-05-25T23:21:28","slug":"procon-do-df-vai-fiscalizar-abusos-em-postos-de-combustiveis-e-revendas-de-gas","status":"publish","type":"post","link":"https:\/\/blogs.correiobraziliense.com.br\/consumidor\/procon-do-df-vai-fiscalizar-abusos-em-postos-de-combustiveis-e-revendas-de-gas\/","title":{"rendered":"Procon do DF vai fiscalizar abusos em postos de combust\u00edveis e revendas de g\u00e1s"},"content":{"rendered":"<figure id=\"attachment_955\" aria-describedby=\"caption-attachment-955\" style=\"width: 800px\" class=\"wp-caption aligncenter\"><a href=\"https:\/\/blogs.correiobraziliense.com.br\/consumidor\/wp-content\/uploads\/sites\/11\/2016\/03\/CBPFOT161120110504.jpg\" rel=\"attachment wp-att-955\"><img loading=\"lazy\" decoding=\"async\" class=\"size-full wp-image-955\" src=\"https:\/\/blogs.correiobraziliense.com.br\/consumidor\/wp-content\/uploads\/sites\/11\/2016\/03\/CBPFOT161120110504.jpg\" alt=\"Cr\u00e9dito: Daniel Ferreira\/CB\/D.A Press. \" width=\"800\" height=\"531\" srcset=\"https:\/\/blogs.correiobraziliense.com.br\/consumidor\/wp-content\/uploads\/sites\/11\/2016\/03\/CBPFOT161120110504.jpg 800w, https:\/\/blogs.correiobraziliense.com.br\/consumidor\/wp-content\/uploads\/sites\/11\/2016\/03\/CBPFOT161120110504-300x199.jpg 300w, https:\/\/blogs.correiobraziliense.com.br\/consumidor\/wp-content\/uploads\/sites\/11\/2016\/03\/CBPFOT161120110504-768x510.jpg 768w, https:\/\/blogs.correiobraziliense.com.br\/consumidor\/wp-content\/uploads\/sites\/11\/2016\/03\/CBPFOT161120110504-550x365.jpg 550w, https:\/\/blogs.correiobraziliense.com.br\/consumidor\/wp-content\/uploads\/sites\/11\/2016\/03\/CBPFOT161120110504-230x153.jpg 230w\" sizes=\"auto, (max-width: 800px) 100vw, 800px\" \/><\/a><figcaption id=\"caption-attachment-955\" class=\"wp-caption-text\">Cr\u00e9dito: Daniel Ferreira\/CB\/D.A Press.<\/figcaption><\/figure>\n<p>O Procon e a Pol\u00edcia Civil do Distrito Federal far\u00e3o a\u00e7\u00e3o de fiscaliza\u00e7\u00e3o durante o fim de semana em postos de combust\u00edveis e revendas de g\u00e1s. O objetivo \u00e9 evitar abusos, principalmente em rela\u00e7\u00e3o aos pre\u00e7os.<\/p>\n<p>&nbsp;<\/p>\n<p>A a\u00e7\u00e3o vai acompanhar o valor cobrado pelas empresas pelas mercadorias frente \u00e0 escassez causada pela greve dos caminhoneiros.<\/p>\n<p>&nbsp;<\/p>\n<p>\u201cO instituto reitera que permanece atento ao panorama enfrentado pelos consumidores no DF e que, nesse momento, est\u00e1 concentrando todos os esfor\u00e7os para proibir poss\u00edveis abusos\u201d, esclarece o Procon, via nota.<\/p>\n<p>&nbsp;<\/p>\n<p>Desde a tarde desta sexta-feira (25\/5), a Pol\u00edcia Militar do DF trabalha na escolta de caminh\u00f5es com gasolina para postos de combust\u00edveis.<\/p>\n","protected":false},"excerpt":{"rendered":"<p>O Procon e a Pol\u00edcia Civil do Distrito Federal far\u00e3o a\u00e7\u00e3o de fiscaliza\u00e7\u00e3o durante o fim de semana em postos de combust\u00edveis e revendas de g\u00e1s. O objetivo \u00e9 evitar abusos, principalmente em rela\u00e7\u00e3o aos pre\u00e7os. &nbsp; A a\u00e7\u00e3o vai acompanhar o valor cobrado pelas empresas pelas mercadorias frente \u00e0 escassez causada pela greve dos caminhoneiros. &nbsp; \u201cO instituto reitera [&hellip;]<\/p>\n","protected":false},"author":28,"featured_media":0,"comment_status":"open","ping_status":"closed","sticky":false,"template":"","format":"standard","meta":{"footnotes":""},"categories":[144],"tags":[],"class_list":["post-2553","post","type-post","status-publish","format-standard","hentry","category-consumidor"],"_links":{"self":[{"href":"https:\/\/blogs.correiobraziliense.com.br\/consumidor\/wp-json\/wp\/v2\/posts\/2553","targetHints":{"allow":["GET"]}}],"collection":[{"href":"https:\/\/blogs.correiobraziliense.com.br\/consumidor\/wp-json\/wp\/v2\/posts"}],"about":[{"href":"https:\/\/blogs.correiobraziliense.com.br\/consumidor\/wp-json\/wp\/v2\/types\/post"}],"author":[{"embeddable":true,"href":"https:\/\/blogs.correiobraziliense.com.br\/consumidor\/wp-json\/wp\/v2\/users\/28"}],"replies":[{"embeddable":true,"href":"https:\/\/blogs.correiobraziliense.com.br\/consumidor\/wp-json\/wp\/v2\/comments?post=2553"}],"version-history":[{"count":1,"href":"https:\/\/blogs.correiobraziliense.com.br\/consumidor\/wp-json\/wp\/v2\/posts\/2553\/revisions"}],"predecessor-version":[{"id":2556,"href":"https:\/\/blogs.correiobraziliense.com.br\/consumidor\/wp-json\/wp\/v2\/posts\/2553\/revisions\/2556"}],"wp:attachment":[{"href":"https:\/\/blogs.correiobraziliense.com.br\/consumidor\/wp-json\/wp\/v2\/media?parent=2553"}],"wp:term":[{"taxonomy":"category","embeddable":true,"href":"https:\/\/blogs.correiobraziliense.com.br\/consumidor\/wp-json\/wp\/v2\/categories?post=2553"},{"taxonomy":"post_tag","embeddable":true,"href":"https:\/\/blogs.correiobraziliense.com.br\/consumidor\/wp-json\/wp\/v2\/tags?post=2553"}],"curies":[{"name":"wp","href":"https:\/\/api.w.org\/{rel}","templated":true}]}}