{"id":2531,"date":"2018-05-23T18:07:54","date_gmt":"2018-05-23T21:07:54","guid":{"rendered":"https:\/\/blogs.correiobraziliense.com.br\/consumidor\/?p=2531"},"modified":"2018-05-23T19:53:14","modified_gmt":"2018-05-23T22:53:14","slug":"aeroporto-recebe-querosene-escoltado-pela-policia-rodoviaria-federal","status":"publish","type":"post","link":"https:\/\/blogs.correiobraziliense.com.br\/consumidor\/aeroporto-recebe-querosene-escoltado-pela-policia-rodoviaria-federal\/","title":{"rendered":"Aeroporto de Bras\u00edlia recebe querosene escoltado pela Pol\u00edcia Rodovi\u00e1ria Federal"},"content":{"rendered":"<h4>O terminal recebeu 225 mil litros de querosene, entretanto, contingenciamento continua<\/h4>\n<p>&nbsp;<\/p>\n<figure id=\"attachment_2532\" aria-describedby=\"caption-attachment-2532\" style=\"width: 800px\" class=\"wp-caption aligncenter\"><a href=\"https:\/\/blogs.correiobraziliense.com.br\/consumidor\/wp-content\/uploads\/sites\/11\/2018\/05\/CBPFOT090320180484.jpg\" rel=\"attachment wp-att-2532\"><img loading=\"lazy\" decoding=\"async\" class=\"size-full wp-image-2532\" src=\"https:\/\/blogs.correiobraziliense.com.br\/consumidor\/wp-content\/uploads\/sites\/11\/2018\/05\/CBPFOT090320180484.jpg\" alt=\"09\/03\/2018. Credito: Minervino Junior\/CB\/D.A. Press. Brasil. Brasilia - DF. Impasse e atraso na privatizacao da area de expansao do Aeroporto Internacional de Brasilia JK.\" width=\"800\" height=\"531\" srcset=\"https:\/\/blogs.correiobraziliense.com.br\/consumidor\/wp-content\/uploads\/sites\/11\/2018\/05\/CBPFOT090320180484.jpg 800w, https:\/\/blogs.correiobraziliense.com.br\/consumidor\/wp-content\/uploads\/sites\/11\/2018\/05\/CBPFOT090320180484-300x199.jpg 300w, https:\/\/blogs.correiobraziliense.com.br\/consumidor\/wp-content\/uploads\/sites\/11\/2018\/05\/CBPFOT090320180484-768x510.jpg 768w, https:\/\/blogs.correiobraziliense.com.br\/consumidor\/wp-content\/uploads\/sites\/11\/2018\/05\/CBPFOT090320180484-350x232.jpg 350w, https:\/\/blogs.correiobraziliense.com.br\/consumidor\/wp-content\/uploads\/sites\/11\/2018\/05\/CBPFOT090320180484-550x365.jpg 550w, https:\/\/blogs.correiobraziliense.com.br\/consumidor\/wp-content\/uploads\/sites\/11\/2018\/05\/CBPFOT090320180484-230x153.jpg 230w\" sizes=\"auto, (max-width: 800px) 100vw, 800px\" \/><\/a><figcaption id=\"caption-attachment-2532\" class=\"wp-caption-text\">Cr\u00e9dito: Minervino Junior\/CB\/D.A. Press. Brasil. Brasilia &#8211; DF.<\/figcaption><\/figure>\n<p>&nbsp;<\/p>\n<p><em>Por Fl\u00e1via Maia, Renato Alves e Breno Fortes<\/em><\/p>\n<p>&nbsp;<\/p>\n<p>O Aeroporto Internacional Juscelino Kubitschek recebeu, por volta das 17h30 desta quarta-feira (23\/5), carretas de querosene para suprir o terminal com combust\u00edvel e evitar o colapso de cancelamentos e atrasos de voos. O combust\u00edvel saiu de Betim (MG) e veio escoltado pela Pol\u00edcia Rodovi\u00e1ria Federal. S\u00e3o 45 mil litros de querosene em cada um dos cinco caminh\u00f5es, totalizando 225 mil litros.\u00a0No entanto, a situa\u00e7\u00e3o continua de alerta porque o terminal gasta, em m\u00e9dia, 20 caminh\u00f5es por dia. Por isso, o contingenciamento de pousos est\u00e1 em vigor a fim de minimizar o impacto para os passageiros. Ontem o aeroporto recebeu quatro caminh\u00f5es.<\/p>\n<p>&nbsp;<\/p>\n<p>Por volta das 17h, a Inframerica, administradora do terminal, divulgou um comunicado informando que apenas as aeronaves que n\u00e3o precisassem abastecer no Distrito Federal poderiam pousar.\u00a0A concession\u00e1ria informou que o combust\u00edvel para a avia\u00e7\u00e3o era insuficiente para a manuten\u00e7\u00e3o da opera\u00e7\u00e3o regular do terminal, mesmo com a chegada das cinco carretas. Os avi\u00f5es sem combust\u00edvel suficiente est\u00e3o sendo orientados a voltar ou a mudar a rota.<\/p>\n<p>&nbsp;<\/p>\n<p>Desde o per\u00edodo da manh\u00e3, a concession\u00e1ria havia avisado que s\u00f3 teria combust\u00edvel estocado para as opera\u00e7\u00f5es at\u00e9 o fim da tarde desta quarta-feira (23\/5). A carga de querosene para abastecer as aeronaves est\u00e1 retida no Entorno do DF por conta do protesto dos caminhoneiros. O aeroporto de Bras\u00edlia \u00e9 o terceiro maior do pa\u00eds e o principal hub nacional.<\/p>\n<p>&nbsp;<\/p>\n<p>A Ag\u00eancia Nacional de Avia\u00e7\u00e3o Civil (Anac) recomenda aos\u00a0passageiros, com voos marcados para os pr\u00f3ximos dias, que consultem as empresas a\u00e9reas antes de se deslocarem para os aeroportos at\u00e9 que a situa\u00e7\u00e3o se normalize<\/p>\n<p>&nbsp;<\/p>\n<p>&nbsp;<\/p>\n","protected":false},"excerpt":{"rendered":"<p>O terminal recebeu 225 mil litros de querosene, entretanto, contingenciamento continua &nbsp; &nbsp; Por Fl\u00e1via Maia, Renato Alves e Breno Fortes &nbsp; O Aeroporto Internacional Juscelino Kubitschek recebeu, por volta das 17h30 desta quarta-feira (23\/5), carretas de querosene para suprir o terminal com combust\u00edvel e evitar o colapso de cancelamentos e atrasos de voos. O combust\u00edvel saiu de Betim (MG) [&hellip;]<\/p>\n","protected":false},"author":28,"featured_media":0,"comment_status":"open","ping_status":"closed","sticky":false,"template":"","format":"standard","meta":{"footnotes":""},"categories":[144],"tags":[],"class_list":["post-2531","post","type-post","status-publish","format-standard","hentry","category-consumidor"],"_links":{"self":[{"href":"https:\/\/blogs.correiobraziliense.com.br\/consumidor\/wp-json\/wp\/v2\/posts\/2531","targetHints":{"allow":["GET"]}}],"collection":[{"href":"https:\/\/blogs.correiobraziliense.com.br\/consumidor\/wp-json\/wp\/v2\/posts"}],"about":[{"href":"https:\/\/blogs.correiobraziliense.com.br\/consumidor\/wp-json\/wp\/v2\/types\/post"}],"author":[{"embeddable":true,"href":"https:\/\/blogs.correiobraziliense.com.br\/consumidor\/wp-json\/wp\/v2\/users\/28"}],"replies":[{"embeddable":true,"href":"https:\/\/blogs.correiobraziliense.com.br\/consumidor\/wp-json\/wp\/v2\/comments?post=2531"}],"version-history":[{"count":12,"href":"https:\/\/blogs.correiobraziliense.com.br\/consumidor\/wp-json\/wp\/v2\/posts\/2531\/revisions"}],"predecessor-version":[{"id":2545,"href":"https:\/\/blogs.correiobraziliense.com.br\/consumidor\/wp-json\/wp\/v2\/posts\/2531\/revisions\/2545"}],"wp:attachment":[{"href":"https:\/\/blogs.correiobraziliense.com.br\/consumidor\/wp-json\/wp\/v2\/media?parent=2531"}],"wp:term":[{"taxonomy":"category","embeddable":true,"href":"https:\/\/blogs.correiobraziliense.com.br\/consumidor\/wp-json\/wp\/v2\/categories?post=2531"},{"taxonomy":"post_tag","embeddable":true,"href":"https:\/\/blogs.correiobraziliense.com.br\/consumidor\/wp-json\/wp\/v2\/tags?post=2531"}],"curies":[{"name":"wp","href":"https:\/\/api.w.org\/{rel}","templated":true}]}}