{"id":2520,"date":"2018-05-23T12:32:53","date_gmt":"2018-05-23T15:32:53","guid":{"rendered":"https:\/\/blogs.correiobraziliense.com.br\/consumidor\/?p=2520"},"modified":"2018-05-23T16:58:05","modified_gmt":"2018-05-23T19:58:05","slug":"principal-hub-nacional-aeroporto-de-brasilia-tem-combustivel-ate-o-fim-da-tarde","status":"publish","type":"post","link":"https:\/\/blogs.correiobraziliense.com.br\/consumidor\/principal-hub-nacional-aeroporto-de-brasilia-tem-combustivel-ate-o-fim-da-tarde\/","title":{"rendered":"Principal hub nacional, Aeroporto de Bras\u00edlia tem combust\u00edvel at\u00e9 o fim da tarde"},"content":{"rendered":"<h4>\u00a0De acordo com a Inframerica, n\u00e3o h\u00e1 atrasos ou cancelamentos decorrentes da restri\u00e7\u00e3o de combust\u00edvel<\/h4>\n<figure id=\"attachment_2183\" aria-describedby=\"caption-attachment-2183\" style=\"width: 800px\" class=\"wp-caption aligncenter\"><a href=\"https:\/\/blogs.correiobraziliense.com.br\/consumidor\/wp-content\/uploads\/sites\/11\/2017\/12\/CBPFOT140320171343.jpg\" rel=\"attachment wp-att-2183\"><img loading=\"lazy\" decoding=\"async\" class=\"size-full wp-image-2183\" src=\"https:\/\/blogs.correiobraziliense.com.br\/consumidor\/wp-content\/uploads\/sites\/11\/2017\/12\/CBPFOT140320171343.jpg\" alt=\"Cr\u00e9dito: Ed Alves\/CB\/D.A Press\" width=\"800\" height=\"491\" srcset=\"https:\/\/blogs.correiobraziliense.com.br\/consumidor\/wp-content\/uploads\/sites\/11\/2017\/12\/CBPFOT140320171343.jpg 800w, https:\/\/blogs.correiobraziliense.com.br\/consumidor\/wp-content\/uploads\/sites\/11\/2017\/12\/CBPFOT140320171343-300x184.jpg 300w, https:\/\/blogs.correiobraziliense.com.br\/consumidor\/wp-content\/uploads\/sites\/11\/2017\/12\/CBPFOT140320171343-768x471.jpg 768w, https:\/\/blogs.correiobraziliense.com.br\/consumidor\/wp-content\/uploads\/sites\/11\/2017\/12\/CBPFOT140320171343-350x215.jpg 350w, https:\/\/blogs.correiobraziliense.com.br\/consumidor\/wp-content\/uploads\/sites\/11\/2017\/12\/CBPFOT140320171343-550x338.jpg 550w, https:\/\/blogs.correiobraziliense.com.br\/consumidor\/wp-content\/uploads\/sites\/11\/2017\/12\/CBPFOT140320171343-230x141.jpg 230w\" sizes=\"auto, (max-width: 800px) 100vw, 800px\" \/><\/a><figcaption id=\"caption-attachment-2183\" class=\"wp-caption-text\">Cr\u00e9dito: Ed Alves\/CB\/D.A Press<\/figcaption><\/figure>\n<p>&nbsp;<\/p>\n<p><em>Por Fl\u00e1via Maia e Renato Alves<\/em><\/p>\n<p>O Aeroporto Internacional Juscelino Kubitschek s\u00f3 tem querosene dispon\u00edvel at\u00e9 o fim da tarde desta quarta-feira (23\/5), conforme informa\u00e7\u00f5es da concession\u00e1ria Inframerica. De acordo com a empresa, o combust\u00edvel continua\u00a0contingenciado por conta do protesto dos caminhoneiros que ocorre em \u00e2mbito nacional. A Inframerica classifica a situa\u00e7\u00e3o como\u00a0 de &#8220;aten\u00e7\u00e3o&#8221;. Entretanto, n\u00e3o h\u00e1 atrasos ou cancelamentos decorrentes da restri\u00e7\u00e3o de combust\u00edvel.<\/p>\n<p>A frota de caminh\u00f5es que traz o Querosene de Avia\u00e7\u00e3o (QAV) para o Terminal est\u00e1 retida no Entorno do DF. Na noite de ontem, apenas quatro caminh\u00f5es conseguiram chegar ao aeroporto. A Inframerica orienta as companhias a\u00e9reas\u00a0para abastecerem o m\u00ednimo poss\u00edvel em Bras\u00edlia.<\/p>\n<p>Para tentar amenizar a situa\u00e7\u00e3o, a Petrobras est\u00e1 enviando combust\u00edvel de Betim (MG) com a escolta da Pol\u00edcia Rodovi\u00e1ria Federal.<\/p>\n<p>De acordo com a Inframerica, todos os protocolos operacionais e de seguran\u00e7a est\u00e3o sendo seguidos para evitar adversidades. A administradora do terminal aconselha aos passageiros buscarem as companhias a\u00e9reas para mais informa\u00e7\u00f5es sobre os voos.<\/p>\n<p>&nbsp;<\/p>\n","protected":false},"excerpt":{"rendered":"<p>\u00a0De acordo com a Inframerica, n\u00e3o h\u00e1 atrasos ou cancelamentos decorrentes da restri\u00e7\u00e3o de combust\u00edvel &nbsp; Por Fl\u00e1via Maia e Renato Alves O Aeroporto Internacional Juscelino Kubitschek s\u00f3 tem querosene dispon\u00edvel at\u00e9 o fim da tarde desta quarta-feira (23\/5), conforme informa\u00e7\u00f5es da concession\u00e1ria Inframerica. De acordo com a empresa, o combust\u00edvel continua\u00a0contingenciado por conta do protesto dos caminhoneiros que ocorre [&hellip;]<\/p>\n","protected":false},"author":28,"featured_media":0,"comment_status":"open","ping_status":"closed","sticky":false,"template":"","format":"standard","meta":{"footnotes":""},"categories":[144],"tags":[],"class_list":["post-2520","post","type-post","status-publish","format-standard","hentry","category-consumidor"],"_links":{"self":[{"href":"https:\/\/blogs.correiobraziliense.com.br\/consumidor\/wp-json\/wp\/v2\/posts\/2520","targetHints":{"allow":["GET"]}}],"collection":[{"href":"https:\/\/blogs.correiobraziliense.com.br\/consumidor\/wp-json\/wp\/v2\/posts"}],"about":[{"href":"https:\/\/blogs.correiobraziliense.com.br\/consumidor\/wp-json\/wp\/v2\/types\/post"}],"author":[{"embeddable":true,"href":"https:\/\/blogs.correiobraziliense.com.br\/consumidor\/wp-json\/wp\/v2\/users\/28"}],"replies":[{"embeddable":true,"href":"https:\/\/blogs.correiobraziliense.com.br\/consumidor\/wp-json\/wp\/v2\/comments?post=2520"}],"version-history":[{"count":3,"href":"https:\/\/blogs.correiobraziliense.com.br\/consumidor\/wp-json\/wp\/v2\/posts\/2520\/revisions"}],"predecessor-version":[{"id":2524,"href":"https:\/\/blogs.correiobraziliense.com.br\/consumidor\/wp-json\/wp\/v2\/posts\/2520\/revisions\/2524"}],"wp:attachment":[{"href":"https:\/\/blogs.correiobraziliense.com.br\/consumidor\/wp-json\/wp\/v2\/media?parent=2520"}],"wp:term":[{"taxonomy":"category","embeddable":true,"href":"https:\/\/blogs.correiobraziliense.com.br\/consumidor\/wp-json\/wp\/v2\/categories?post=2520"},{"taxonomy":"post_tag","embeddable":true,"href":"https:\/\/blogs.correiobraziliense.com.br\/consumidor\/wp-json\/wp\/v2\/tags?post=2520"}],"curies":[{"name":"wp","href":"https:\/\/api.w.org\/{rel}","templated":true}]}}