{"id":2512,"date":"2018-05-24T06:00:50","date_gmt":"2018-05-24T09:00:50","guid":{"rendered":"https:\/\/blogs.correiobraziliense.com.br\/consumidor\/?p=2512"},"modified":"2018-05-22T16:11:51","modified_gmt":"2018-05-22T19:11:51","slug":"correios-atrasam-entrega-e-diz-que-o-motivo-sao-os-assaltos-na-asa-sul","status":"publish","type":"post","link":"https:\/\/blogs.correiobraziliense.com.br\/consumidor\/correios-atrasam-entrega-e-diz-que-o-motivo-sao-os-assaltos-na-asa-sul\/","title":{"rendered":"Correios atrasam entrega e diz que o motivo s\u00e3o os assaltos na Asa Sul"},"content":{"rendered":"<p>O leitor Joanir Serafim Weirich, 66 anos, morador da Asa Sul, escreveu \u00e0 coluna para se queixar do atraso na entrega de uma encomenda que deveria ter chegado ao destinat\u00e1rio em 3 de maio, mas que, at\u00e9 a \u00faltima sexta-feira, estava retida em Viana (ES). O consumidor informa que n\u00e3o consegue contato com os Correios.\u201cQuando tento pedir informa\u00e7\u00f5es, nada me \u00e9 esclarecido, e,no fim, aparece uma grava\u00e7\u00e3o dizendo que todos os atendentes est\u00e3o ocupados e que \u00e9 para ligar mais tarde\u201d,afirma.<br \/>\n<strong>Resposta da empresa<\/strong><br \/>\nOs Correios responderam, por meio de nota, que o objeto foi entregue, na \u00faltima segunda-feira (14) e explicam que a demora na entrega ocorreu \u201cem fun\u00e7\u00e3o da reincid\u00eancia de assaltos na localidade de destino\u201d, &#8220;para preservar a integridade f\u00edsica dos empregados e a seguran\u00e7a do objeto postal\u201d. A empresa lamenta o ocorrido e se colocou \u00e0 disposi\u00e7\u00e3o para prestar informa\u00e7\u00f5es.<br \/>\n<strong>Coment\u00e1rio do consumidor<\/strong><br \/>\n\u201cEu estou insatisfeito com a resposta, por que n\u00e3o informaram o consumidor acerca desse problema? Eles devem resolver essas quest\u00f5es junto \u00e0s for\u00e7as de seguran\u00e7a do Estado. Quem est\u00e1 sendo prejudicado com isso s\u00e3o os clientes dos Correios.\u201d<\/p>\n<p>&nbsp;<\/p>\n<p><strong>Problemas com a empresa? Denuncie.<\/strong><\/p>\n<p>&nbsp;<\/p>\n<p><a href=\"https:\/\/blogs.correiobraziliense.com.br\/consumidor\/wp-content\/uploads\/sites\/11\/2016\/11\/Celular.jpg\" rel=\"attachment wp-att-1613\"><img loading=\"lazy\" decoding=\"async\" class=\"alignnone size-full wp-image-1613\" src=\"https:\/\/blogs.correiobraziliense.com.br\/consumidor\/wp-content\/uploads\/sites\/11\/2016\/11\/Celular.jpg\" alt=\"Celular\" width=\"360\" height=\"134\" srcset=\"https:\/\/blogs.correiobraziliense.com.br\/consumidor\/wp-content\/uploads\/sites\/11\/2016\/11\/Celular.jpg 360w, https:\/\/blogs.correiobraziliense.com.br\/consumidor\/wp-content\/uploads\/sites\/11\/2016\/11\/Celular-300x112.jpg 300w, https:\/\/blogs.correiobraziliense.com.br\/consumidor\/wp-content\/uploads\/sites\/11\/2016\/11\/Celular-350x130.jpg 350w, https:\/\/blogs.correiobraziliense.com.br\/consumidor\/wp-content\/uploads\/sites\/11\/2016\/11\/Celular-230x86.jpg 230w\" sizes=\"auto, (max-width: 360px) 100vw, 360px\" \/><\/a><\/p>\n<p>Reclama\u00e7\u00f5es dirigidas a esta se\u00e7\u00e3o devem ser feitas da seguinte forma: \u00bb Breve relato dos fatos \u00bb Nome completo, CPF, telefone e endere\u00e7o \u00bb E-mail: consumidor.df@dabr.com.br \u00bb No caso de e-mail, favor n\u00e3o esquecer de colocar tamb\u00e9m o n\u00famero do telefone \u00bb Raz\u00e3o social, endere\u00e7o e telefone para contato da empresa ou prestador de servi\u00e7os denunciados \u00bb Enviar para: SIG, Quadra 2, n\u00ba 340 CEP 70.610-901 Fone\/Fax: (61) 3214-1112 \/\/ (61) 3214-1166<\/p>\n<p>&nbsp;<\/p>\n","protected":false},"excerpt":{"rendered":"<p>O leitor Joanir Serafim Weirich, 66 anos, morador da Asa Sul, escreveu \u00e0 coluna para se queixar do atraso na entrega de uma encomenda que deveria ter chegado ao destinat\u00e1rio em 3 de maio, mas que, at\u00e9 a \u00faltima sexta-feira, estava retida em Viana (ES). O consumidor informa que n\u00e3o consegue contato com os Correios.\u201cQuando tento pedir informa\u00e7\u00f5es, nada me [&hellip;]<\/p>\n","protected":false},"author":28,"featured_media":0,"comment_status":"open","ping_status":"closed","sticky":false,"template":"","format":"standard","meta":{"footnotes":""},"categories":[144],"tags":[],"class_list":["post-2512","post","type-post","status-publish","format-standard","hentry","category-consumidor"],"_links":{"self":[{"href":"https:\/\/blogs.correiobraziliense.com.br\/consumidor\/wp-json\/wp\/v2\/posts\/2512","targetHints":{"allow":["GET"]}}],"collection":[{"href":"https:\/\/blogs.correiobraziliense.com.br\/consumidor\/wp-json\/wp\/v2\/posts"}],"about":[{"href":"https:\/\/blogs.correiobraziliense.com.br\/consumidor\/wp-json\/wp\/v2\/types\/post"}],"author":[{"embeddable":true,"href":"https:\/\/blogs.correiobraziliense.com.br\/consumidor\/wp-json\/wp\/v2\/users\/28"}],"replies":[{"embeddable":true,"href":"https:\/\/blogs.correiobraziliense.com.br\/consumidor\/wp-json\/wp\/v2\/comments?post=2512"}],"version-history":[{"count":1,"href":"https:\/\/blogs.correiobraziliense.com.br\/consumidor\/wp-json\/wp\/v2\/posts\/2512\/revisions"}],"predecessor-version":[{"id":2513,"href":"https:\/\/blogs.correiobraziliense.com.br\/consumidor\/wp-json\/wp\/v2\/posts\/2512\/revisions\/2513"}],"wp:attachment":[{"href":"https:\/\/blogs.correiobraziliense.com.br\/consumidor\/wp-json\/wp\/v2\/media?parent=2512"}],"wp:term":[{"taxonomy":"category","embeddable":true,"href":"https:\/\/blogs.correiobraziliense.com.br\/consumidor\/wp-json\/wp\/v2\/categories?post=2512"},{"taxonomy":"post_tag","embeddable":true,"href":"https:\/\/blogs.correiobraziliense.com.br\/consumidor\/wp-json\/wp\/v2\/tags?post=2512"}],"curies":[{"name":"wp","href":"https:\/\/api.w.org\/{rel}","templated":true}]}}