{"id":2477,"date":"2018-05-09T19:24:03","date_gmt":"2018-05-09T22:24:03","guid":{"rendered":"https:\/\/blogs.correiobraziliense.com.br\/consumidor\/?p=2477"},"modified":"2018-05-09T19:31:52","modified_gmt":"2018-05-09T22:31:52","slug":"ministerio-publico-do-df-pede-explicacoes-sobre-vazamento-de-dados-de-300-mil-clientes-de-banco","status":"publish","type":"post","link":"https:\/\/blogs.correiobraziliense.com.br\/consumidor\/ministerio-publico-do-df-pede-explicacoes-sobre-vazamento-de-dados-de-300-mil-clientes-de-banco\/","title":{"rendered":"Minist\u00e9rio P\u00fablico do DF pede explica\u00e7\u00f5es sobre vazamento de dados de 300 mil clientes de banco"},"content":{"rendered":"<h4>Banco Inter nega falta de seguran\u00e7a no sistema e diz que foi v\u00edtima de extors\u00e3o por hackers<\/h4>\n<p>&nbsp;<\/p>\n<p><a href=\"https:\/\/blogs.correiobraziliense.com.br\/consumidor\/wp-content\/uploads\/sites\/11\/2018\/05\/Banco-inter-1.jpg\" rel=\"attachment wp-att-2479\"><img loading=\"lazy\" decoding=\"async\" class=\"wp-image-2479 aligncenter\" src=\"https:\/\/blogs.correiobraziliense.com.br\/consumidor\/wp-content\/uploads\/sites\/11\/2018\/05\/Banco-inter-1.jpg\" alt=\"Banco inter\" width=\"844\" height=\"412\" srcset=\"https:\/\/blogs.correiobraziliense.com.br\/consumidor\/wp-content\/uploads\/sites\/11\/2018\/05\/Banco-inter-1.jpg 1574w, https:\/\/blogs.correiobraziliense.com.br\/consumidor\/wp-content\/uploads\/sites\/11\/2018\/05\/Banco-inter-1-300x147.jpg 300w, https:\/\/blogs.correiobraziliense.com.br\/consumidor\/wp-content\/uploads\/sites\/11\/2018\/05\/Banco-inter-1-768x375.jpg 768w, https:\/\/blogs.correiobraziliense.com.br\/consumidor\/wp-content\/uploads\/sites\/11\/2018\/05\/Banco-inter-1-1024x500.jpg 1024w, https:\/\/blogs.correiobraziliense.com.br\/consumidor\/wp-content\/uploads\/sites\/11\/2018\/05\/Banco-inter-1-350x171.jpg 350w, https:\/\/blogs.correiobraziliense.com.br\/consumidor\/wp-content\/uploads\/sites\/11\/2018\/05\/Banco-inter-1-1440x704.jpg 1440w, https:\/\/blogs.correiobraziliense.com.br\/consumidor\/wp-content\/uploads\/sites\/11\/2018\/05\/Banco-inter-1-550x269.jpg 550w, https:\/\/blogs.correiobraziliense.com.br\/consumidor\/wp-content\/uploads\/sites\/11\/2018\/05\/Banco-inter-1-230x112.jpg 230w\" sizes=\"auto, (max-width: 844px) 100vw, 844px\" \/><\/a><\/p>\n<p>&nbsp;<\/p>\n<p>O Minist\u00e9rio P\u00fablico do Distrito Federal (MPDFT) instaurou na \u00faltima ter\u00e7a-feira (8\/5) um inqu\u00e9rito para investigar a extors\u00e3o de um hacker que teria roubado dados de clientes do Banco Inter, um dos maiores\u00a0bancos totalmente digitais do Brasil. Cerca de 300 mil consumidores teriam sido prejudicados.<\/p>\n<p>&nbsp;<\/p>\n<p>Na \u00faltima sexta-feira (4\/5), o MPDFT expediu of\u00edcio ao banco requisitando informa\u00e7\u00f5es sobre o incidente. A empresa deve informar se realmente houve incidente de seguran\u00e7a relacionado \u00e0 base de dados e quais medidas foram tomadas, al\u00e9m de quantos clientes ou colaboradores foram, de fato, afetados.<\/p>\n<p>&nbsp;<\/p>\n<p>Via nota, o banco nega o vazamento de dados e diz que foi v\u00edtima de extors\u00e3o. &#8220;N\u00e3o houve comprometimento da seguran\u00e7a no ambiente externo e nem dano \u00e0 sua estrutura tecnol\u00f3gica. A companhia esclarece, ainda, que comunicou o fato \u00e0s autoridades competentes e a investiga\u00e7\u00e3o corre em sigilo&#8221;. O banco diz ainda que \u00e9 crime a divulga\u00e7\u00e3o de not\u00edcias falsas ou fatos verdadeiros truncados ou deturpados a respeito da institui\u00e7\u00e3o financeira.<\/p>\n<p>&nbsp;<\/p>\n<p>O promotor de Justi\u00e7a Frederico Meinberg, coordenador da Comiss\u00e3o de Prote\u00e7\u00e3o de Dados do o Minist\u00e9rio P\u00fablico,\u00a0 entende que vazamento de dados envolvendo companhias abertas configura fato relevante capaz de influir de modo ponder\u00e1vel na cota\u00e7\u00e3o dos valores mobili\u00e1rios, por isso a determina\u00e7\u00e3o de oficiar \u00e0 Comiss\u00e3o de Valores Mobili\u00e1rios (CVM) informando sobre a instaura\u00e7\u00e3o do inqu\u00e9rito civil p\u00fablico.<\/p>\n<p>&nbsp;<\/p>\n<p><strong>Entenda o caso<\/strong><\/p>\n<p>&nbsp;<\/p>\n<p>Um hacker teria amea\u00e7ado vender dados pessoais de clientes, funcion\u00e1rios e executivos do Banco Inter, caso a empresa n\u00e3o fizesse um pagamento em at\u00e9 15 dias. O valor exigido n\u00e3o foi revelado. O hacker teria colocado cheques, documentos, transa\u00e7\u00f5es, e-mails, informa\u00e7\u00f5es pessoais, chaves de seguran\u00e7a e senhas de 300 mil pessoas em um arquivo criptografado de 40 GB.<\/p>\n","protected":false},"excerpt":{"rendered":"<p>Banco Inter nega falta de seguran\u00e7a no sistema e diz que foi v\u00edtima de extors\u00e3o por hackers &nbsp; &nbsp; O Minist\u00e9rio P\u00fablico do Distrito Federal (MPDFT) instaurou na \u00faltima ter\u00e7a-feira (8\/5) um inqu\u00e9rito para investigar a extors\u00e3o de um hacker que teria roubado dados de clientes do Banco Inter, um dos maiores\u00a0bancos totalmente digitais do Brasil. Cerca de 300 mil [&hellip;]<\/p>\n","protected":false},"author":28,"featured_media":0,"comment_status":"open","ping_status":"closed","sticky":false,"template":"","format":"standard","meta":{"footnotes":""},"categories":[144],"tags":[],"class_list":["post-2477","post","type-post","status-publish","format-standard","hentry","category-consumidor"],"_links":{"self":[{"href":"https:\/\/blogs.correiobraziliense.com.br\/consumidor\/wp-json\/wp\/v2\/posts\/2477","targetHints":{"allow":["GET"]}}],"collection":[{"href":"https:\/\/blogs.correiobraziliense.com.br\/consumidor\/wp-json\/wp\/v2\/posts"}],"about":[{"href":"https:\/\/blogs.correiobraziliense.com.br\/consumidor\/wp-json\/wp\/v2\/types\/post"}],"author":[{"embeddable":true,"href":"https:\/\/blogs.correiobraziliense.com.br\/consumidor\/wp-json\/wp\/v2\/users\/28"}],"replies":[{"embeddable":true,"href":"https:\/\/blogs.correiobraziliense.com.br\/consumidor\/wp-json\/wp\/v2\/comments?post=2477"}],"version-history":[{"count":4,"href":"https:\/\/blogs.correiobraziliense.com.br\/consumidor\/wp-json\/wp\/v2\/posts\/2477\/revisions"}],"predecessor-version":[{"id":2483,"href":"https:\/\/blogs.correiobraziliense.com.br\/consumidor\/wp-json\/wp\/v2\/posts\/2477\/revisions\/2483"}],"wp:attachment":[{"href":"https:\/\/blogs.correiobraziliense.com.br\/consumidor\/wp-json\/wp\/v2\/media?parent=2477"}],"wp:term":[{"taxonomy":"category","embeddable":true,"href":"https:\/\/blogs.correiobraziliense.com.br\/consumidor\/wp-json\/wp\/v2\/categories?post=2477"},{"taxonomy":"post_tag","embeddable":true,"href":"https:\/\/blogs.correiobraziliense.com.br\/consumidor\/wp-json\/wp\/v2\/tags?post=2477"}],"curies":[{"name":"wp","href":"https:\/\/api.w.org\/{rel}","templated":true}]}}