{"id":2470,"date":"2018-05-09T07:03:44","date_gmt":"2018-05-09T10:03:44","guid":{"rendered":"https:\/\/blogs.correiobraziliense.com.br\/consumidor\/?p=2470"},"modified":"2018-05-07T18:10:01","modified_gmt":"2018-05-07T21:10:01","slug":"vidro-do-carro-tem-pane-eletrica-e-concessionaria-diz-que-conserta-por-cortesia","status":"publish","type":"post","link":"https:\/\/blogs.correiobraziliense.com.br\/consumidor\/vidro-do-carro-tem-pane-eletrica-e-concessionaria-diz-que-conserta-por-cortesia\/","title":{"rendered":"Vidro do carro tem pane el\u00e9trica e concession\u00e1ria diz que conserta por &#8220;cortesia&#8221;"},"content":{"rendered":"<p>O leitor Alessandro Pereira da Silva, morador do Guar\u00e1, entrou em contato com a coluna <em>Grita do Consumidor<\/em> para reclamar sobre uma pane el\u00e9trica no ve\u00edculo, que aconteceu 19 dias ap\u00f3s passar pela segunda revis\u00e3o. A concession\u00e1ria informou que n\u00e3o seria poss\u00edvel acionar a garantia, pois a primeira revis\u00e3o foi feita com 300km excedentes. A empresa negociou uma cortesia para resolver o problema do ve\u00edculo, por\u00e9m, o leitor reclama que essa op\u00e7\u00e3o n\u00e3o fornece um carro reserva enquanto s\u00e3o feitos os ajustes no autom\u00f3vel.<\/p>\n<p>&nbsp;<\/p>\n<p><strong>Resposta da empresa<\/strong><\/p>\n<p>A Jeep respondeu, por meio de nota, que \u201co ve\u00edculo do consumidor foi devidamente reparado, tendo sido entregue em perfeitas condi\u00e7\u00f5es de uso e funcionamento\u201d.<\/p>\n<p>&nbsp;<\/p>\n<p><strong>Coment\u00e1rio do consumidor<\/strong><\/p>\n<p>\u201cTer o problema resolvido \u00e9 positivo, mas estou muito insatisfeito com o atendimento. Eles n\u00e3o fizeram o conserto pela garantia, foi uma cortesia. Como se fosse um grande favor. O atendimento foi p\u00e9ssimo.\u201d<\/p>\n<p>&nbsp;<\/p>\n<p><strong>Problemas com a empresa? Denuncie.<\/strong><\/p>\n<p><a href=\"https:\/\/blogs.correiobraziliense.com.br\/consumidor\/wp-content\/uploads\/sites\/11\/2016\/11\/Celular.jpg\" rel=\"attachment wp-att-1613\"><img loading=\"lazy\" decoding=\"async\" class=\"alignnone size-full wp-image-1613\" src=\"https:\/\/blogs.correiobraziliense.com.br\/consumidor\/wp-content\/uploads\/sites\/11\/2016\/11\/Celular.jpg\" alt=\"Celular\" width=\"360\" height=\"134\" srcset=\"https:\/\/blogs.correiobraziliense.com.br\/consumidor\/wp-content\/uploads\/sites\/11\/2016\/11\/Celular.jpg 360w, https:\/\/blogs.correiobraziliense.com.br\/consumidor\/wp-content\/uploads\/sites\/11\/2016\/11\/Celular-300x112.jpg 300w, https:\/\/blogs.correiobraziliense.com.br\/consumidor\/wp-content\/uploads\/sites\/11\/2016\/11\/Celular-350x130.jpg 350w, https:\/\/blogs.correiobraziliense.com.br\/consumidor\/wp-content\/uploads\/sites\/11\/2016\/11\/Celular-230x86.jpg 230w\" sizes=\"auto, (max-width: 360px) 100vw, 360px\" \/><\/a><\/p>\n<p>Reclama\u00e7\u00f5es dirigidas a esta se\u00e7\u00e3o devem ser feitas da seguinte forma: \u00bb Breve relato dos fatos \u00bb Nome completo, CPF, telefone e endere\u00e7o \u00bb E-mail: consumidor.df@dabr.com.br \u00bb No caso de e-mail, favor n\u00e3o esquecer de colocar tamb\u00e9m o n\u00famero do telefone \u00bb Raz\u00e3o social, endere\u00e7o e telefone para contato da empresa ou prestador de servi\u00e7os denunciados \u00bb Enviar para: SIG, Quadra 2, n\u00ba 340 CEP 70.610-901 Fone\/Fax: (61) 3214-1112 \/\/ (61) 3214-1166<\/p>\n","protected":false},"excerpt":{"rendered":"<p>O leitor Alessandro Pereira da Silva, morador do Guar\u00e1, entrou em contato com a coluna Grita do Consumidor para reclamar sobre uma pane el\u00e9trica no ve\u00edculo, que aconteceu 19 dias ap\u00f3s passar pela segunda revis\u00e3o. A concession\u00e1ria informou que n\u00e3o seria poss\u00edvel acionar a garantia, pois a primeira revis\u00e3o foi feita com 300km excedentes. A empresa negociou uma cortesia para [&hellip;]<\/p>\n","protected":false},"author":28,"featured_media":0,"comment_status":"open","ping_status":"closed","sticky":false,"template":"","format":"standard","meta":{"footnotes":""},"categories":[144],"tags":[],"class_list":["post-2470","post","type-post","status-publish","format-standard","hentry","category-consumidor"],"_links":{"self":[{"href":"https:\/\/blogs.correiobraziliense.com.br\/consumidor\/wp-json\/wp\/v2\/posts\/2470","targetHints":{"allow":["GET"]}}],"collection":[{"href":"https:\/\/blogs.correiobraziliense.com.br\/consumidor\/wp-json\/wp\/v2\/posts"}],"about":[{"href":"https:\/\/blogs.correiobraziliense.com.br\/consumidor\/wp-json\/wp\/v2\/types\/post"}],"author":[{"embeddable":true,"href":"https:\/\/blogs.correiobraziliense.com.br\/consumidor\/wp-json\/wp\/v2\/users\/28"}],"replies":[{"embeddable":true,"href":"https:\/\/blogs.correiobraziliense.com.br\/consumidor\/wp-json\/wp\/v2\/comments?post=2470"}],"version-history":[{"count":1,"href":"https:\/\/blogs.correiobraziliense.com.br\/consumidor\/wp-json\/wp\/v2\/posts\/2470\/revisions"}],"predecessor-version":[{"id":2471,"href":"https:\/\/blogs.correiobraziliense.com.br\/consumidor\/wp-json\/wp\/v2\/posts\/2470\/revisions\/2471"}],"wp:attachment":[{"href":"https:\/\/blogs.correiobraziliense.com.br\/consumidor\/wp-json\/wp\/v2\/media?parent=2470"}],"wp:term":[{"taxonomy":"category","embeddable":true,"href":"https:\/\/blogs.correiobraziliense.com.br\/consumidor\/wp-json\/wp\/v2\/categories?post=2470"},{"taxonomy":"post_tag","embeddable":true,"href":"https:\/\/blogs.correiobraziliense.com.br\/consumidor\/wp-json\/wp\/v2\/tags?post=2470"}],"curies":[{"name":"wp","href":"https:\/\/api.w.org\/{rel}","templated":true}]}}