{"id":2444,"date":"2018-04-24T06:00:19","date_gmt":"2018-04-24T09:00:19","guid":{"rendered":"https:\/\/blogs.correiobraziliense.com.br\/consumidor\/?p=2444"},"modified":"2018-04-23T14:54:24","modified_gmt":"2018-04-23T17:54:24","slug":"plano-de-saude-nao-tem-rede-credenciada-em-municipio-goiano","status":"publish","type":"post","link":"https:\/\/blogs.correiobraziliense.com.br\/consumidor\/plano-de-saude-nao-tem-rede-credenciada-em-municipio-goiano\/","title":{"rendered":"Plano de sa\u00fade n\u00e3o tem rede credenciada em munic\u00edpio goiano e n\u00e3o resolve o problema"},"content":{"rendered":"<p>&nbsp;<\/p>\n<p>Evandro Assis reclama que os associados e seus dependentes\/familiares n\u00e3o disp\u00f5em de assist\u00eancia m\u00e9dica credenciada pelo plano de sa\u00fade da Cassi em Luzi\u00e2nia (GO), com exce\u00e7\u00e3o de um laborat\u00f3rio de an\u00e1lises cl\u00ednicas. \u201cTrata-se de um descaso, porque os valores das mensalidades s\u00e3o descontados diretamente nos nossos contracheques, portanto, n\u00e3o tem inadimpl\u00eancia\u201d, refor\u00e7a.<\/p>\n<p>&nbsp;<\/p>\n<p><strong>Resposta da empresa<\/strong><\/p>\n<p>&nbsp;<\/p>\n<p>A Cassi informou que tem \u201co compromisso de garantir o atendimento necess\u00e1rio a todos os seus participantes, com adequa\u00e7\u00f5es peri\u00f3dicas da rede credenciada\u201d. \u201cConforme estabelecido pela Ag\u00eancia Nacional de Sa\u00fade (ANS), a Cassi tem tamb\u00e9m o dever de garantir o atendimento de todos os servi\u00e7os contratados aos seus participantes\u201d, continuou, em nota.<\/p>\n<p>&nbsp;<\/p>\n<p><strong>Coment\u00e1rio do consumidor<\/strong><\/p>\n<p>&nbsp;<\/p>\n<p>&#8220;Ou seja, n\u00e3o resolveram nada. N\u00e3o entenderam nada do que foi dito. \u00c9 uma vergonha. A prestadora de servi\u00e7o n\u00e3o demandou e nem constatou a falta de assist\u00eancia m\u00e9dica em Luzi\u00e2nia. Como eu informei na reclama\u00e7\u00e3o que registrei, n\u00e3o h\u00e1 assist\u00eancia m\u00e9dica, s\u00f3 um laborat\u00f3rio de an\u00e1lises cl\u00ednicas. N\u00e3o \u00e9 obriga\u00e7\u00e3o deles observar essa situa\u00e7\u00e3o? A rede credenciada em Luzi\u00e2nia inexiste. Quem n\u00e3o pode pagar consultas na rede privada precisa ir para o Plano Piloto para conseguir atendimento.\u201d<\/p>\n<p>&nbsp;<\/p>\n<p><strong>Problemas com a empresa? Denuncie.<\/strong><\/p>\n<p>&nbsp;<\/p>\n<p><a href=\"https:\/\/blogs.correiobraziliense.com.br\/consumidor\/wp-content\/uploads\/sites\/11\/2016\/11\/Celular.jpg\" rel=\"attachment wp-att-1613\"><img loading=\"lazy\" decoding=\"async\" class=\"alignnone size-full wp-image-1613\" src=\"https:\/\/blogs.correiobraziliense.com.br\/consumidor\/wp-content\/uploads\/sites\/11\/2016\/11\/Celular.jpg\" alt=\"Celular\" width=\"360\" height=\"134\" srcset=\"https:\/\/blogs.correiobraziliense.com.br\/consumidor\/wp-content\/uploads\/sites\/11\/2016\/11\/Celular.jpg 360w, https:\/\/blogs.correiobraziliense.com.br\/consumidor\/wp-content\/uploads\/sites\/11\/2016\/11\/Celular-300x112.jpg 300w, https:\/\/blogs.correiobraziliense.com.br\/consumidor\/wp-content\/uploads\/sites\/11\/2016\/11\/Celular-350x130.jpg 350w, https:\/\/blogs.correiobraziliense.com.br\/consumidor\/wp-content\/uploads\/sites\/11\/2016\/11\/Celular-230x86.jpg 230w\" sizes=\"auto, (max-width: 360px) 100vw, 360px\" \/><\/a><\/p>\n<p>&nbsp;<\/p>\n<p>Reclama\u00e7\u00f5es dirigidas a esta se\u00e7\u00e3o devem ser feitas da seguinte forma: \u00bb Breve relato dos fatos \u00bb Nome completo, CPF, telefone e endere\u00e7o \u00bb E-mail: consumidor.df@dabr.com.br \u00bb No caso de e-mail, favor n\u00e3o esquecer de colocar tamb\u00e9m o n\u00famero do telefone \u00bb Raz\u00e3o social, endere\u00e7o e telefone para contato da empresa ou prestador de servi\u00e7os denunciados \u00bb Enviar para: SIG, Quadra 2, n\u00ba 340 CEP 70.610-901 Fax: (61) 3214-1112<\/p>\n","protected":false},"excerpt":{"rendered":"<p>&nbsp; Evandro Assis reclama que os associados e seus dependentes\/familiares n\u00e3o disp\u00f5em de assist\u00eancia m\u00e9dica credenciada pelo plano de sa\u00fade da Cassi em Luzi\u00e2nia (GO), com exce\u00e7\u00e3o de um laborat\u00f3rio de an\u00e1lises cl\u00ednicas. \u201cTrata-se de um descaso, porque os valores das mensalidades s\u00e3o descontados diretamente nos nossos contracheques, portanto, n\u00e3o tem inadimpl\u00eancia\u201d, refor\u00e7a. &nbsp; Resposta da empresa &nbsp; A Cassi [&hellip;]<\/p>\n","protected":false},"author":28,"featured_media":0,"comment_status":"open","ping_status":"closed","sticky":false,"template":"","format":"standard","meta":{"footnotes":""},"categories":[144],"tags":[],"class_list":["post-2444","post","type-post","status-publish","format-standard","hentry","category-consumidor"],"_links":{"self":[{"href":"https:\/\/blogs.correiobraziliense.com.br\/consumidor\/wp-json\/wp\/v2\/posts\/2444","targetHints":{"allow":["GET"]}}],"collection":[{"href":"https:\/\/blogs.correiobraziliense.com.br\/consumidor\/wp-json\/wp\/v2\/posts"}],"about":[{"href":"https:\/\/blogs.correiobraziliense.com.br\/consumidor\/wp-json\/wp\/v2\/types\/post"}],"author":[{"embeddable":true,"href":"https:\/\/blogs.correiobraziliense.com.br\/consumidor\/wp-json\/wp\/v2\/users\/28"}],"replies":[{"embeddable":true,"href":"https:\/\/blogs.correiobraziliense.com.br\/consumidor\/wp-json\/wp\/v2\/comments?post=2444"}],"version-history":[{"count":1,"href":"https:\/\/blogs.correiobraziliense.com.br\/consumidor\/wp-json\/wp\/v2\/posts\/2444\/revisions"}],"predecessor-version":[{"id":2445,"href":"https:\/\/blogs.correiobraziliense.com.br\/consumidor\/wp-json\/wp\/v2\/posts\/2444\/revisions\/2445"}],"wp:attachment":[{"href":"https:\/\/blogs.correiobraziliense.com.br\/consumidor\/wp-json\/wp\/v2\/media?parent=2444"}],"wp:term":[{"taxonomy":"category","embeddable":true,"href":"https:\/\/blogs.correiobraziliense.com.br\/consumidor\/wp-json\/wp\/v2\/categories?post=2444"},{"taxonomy":"post_tag","embeddable":true,"href":"https:\/\/blogs.correiobraziliense.com.br\/consumidor\/wp-json\/wp\/v2\/tags?post=2444"}],"curies":[{"name":"wp","href":"https:\/\/api.w.org\/{rel}","templated":true}]}}