{"id":243,"date":"2012-10-30T19:22:00","date_gmt":"2012-10-30T21:22:00","guid":{"rendered":"https:\/\/blogs.correiobraziliense.com.br\/consumidor\/demanda_por_voos_cresce_mas_empresas_diminuem_oferta\/"},"modified":"2012-10-30T19:22:00","modified_gmt":"2012-10-30T21:22:00","slug":"demanda_por_voos_cresce_mas_empresas_diminuem_oferta","status":"publish","type":"post","link":"https:\/\/blogs.correiobraziliense.com.br\/consumidor\/demanda_por_voos_cresce_mas_empresas_diminuem_oferta\/","title":{"rendered":"Demanda por voos cresce, mas empresas diminuem oferta"},"content":{"rendered":"<p>&nbsp;&nbsp;&nbsp;&nbsp; &nbsp; &nbsp; &nbsp; &nbsp; &nbsp; &nbsp;&nbsp; <img decoding=\"async\" src=\"https:\/\/blogs.correiobraziliense.com.br\/wp-content\/uploads\/blog-consumidor\/95a54ff159395effde1a1e16a5d38ab2.jpg\">    <\/p>\n<p>Mesmo com o crescimento da demanda por transporte a\u00e9reo dom\u00e9stico no m\u00eas de setembro e a maior taxa de ocupa\u00e7\u00e3o dos \u00faltimos 12 anos, as companhias decidiram recuar a oferta de assentos por quil\u00f4metro, segundo dados da Ag\u00eancia Nacional de Avia\u00e7\u00e3o Civil (Anac). O que pode prejudicar o consumidor interessado em viajar, afinal, tem mais gente procurando voos enquanto as companhias diminuem as vagas.     <\/p>\n<p>A queda foi pequena, apenas 2,13%, mas ela ocorre depois de oito anos anos consecutivos de alta. Al\u00e9m disso, a demanda de passageiros aumentou 7,65% em compara\u00e7\u00e3o a setembro de 2011.      <\/p>\n<p>A taxa de ocupa\u00e7\u00e3o das aeronaves \u00e9 a mais alta dos setembros dos \u00faltimos doze anos e chegou a 75,57%. No mesmo per\u00edodo em 2011, era 68,71%.     <\/p>\n<p>Para voos internacionais, a ocupa\u00e7\u00e3o das aeronaves brasileiras foi de 82,8% a mais alta desde 2000.      <\/p>\n<p>Participa\u00e7\u00e3o no mercado    <\/p>\n<p>  A TAM tem 40,16% do mercado. Gol, 33,89% e as demais, 25,99%.     <\/p>\n","protected":false},"excerpt":{"rendered":"<p>&nbsp;&nbsp;&nbsp;&nbsp; &nbsp; &nbsp; &nbsp; &nbsp; &nbsp; &nbsp;&nbsp; Mesmo com o crescimento da demanda por transporte a\u00e9reo dom\u00e9stico no m\u00eas de setembro e a maior taxa de ocupa\u00e7\u00e3o dos \u00faltimos 12 anos, as companhias decidiram recuar a oferta de assentos por quil\u00f4metro, segundo dados da Ag\u00eancia Nacional de Avia\u00e7\u00e3o Civil (Anac). O que pode prejudicar o consumidor interessado em viajar, afinal, [&hellip;]<\/p>\n","protected":false},"author":28,"featured_media":0,"comment_status":"open","ping_status":"open","sticky":false,"template":"","format":"standard","meta":{"footnotes":""},"categories":[1],"tags":[],"class_list":["post-243","post","type-post","status-publish","format-standard","hentry","category-sem-categoria"],"_links":{"self":[{"href":"https:\/\/blogs.correiobraziliense.com.br\/consumidor\/wp-json\/wp\/v2\/posts\/243","targetHints":{"allow":["GET"]}}],"collection":[{"href":"https:\/\/blogs.correiobraziliense.com.br\/consumidor\/wp-json\/wp\/v2\/posts"}],"about":[{"href":"https:\/\/blogs.correiobraziliense.com.br\/consumidor\/wp-json\/wp\/v2\/types\/post"}],"author":[{"embeddable":true,"href":"https:\/\/blogs.correiobraziliense.com.br\/consumidor\/wp-json\/wp\/v2\/users\/28"}],"replies":[{"embeddable":true,"href":"https:\/\/blogs.correiobraziliense.com.br\/consumidor\/wp-json\/wp\/v2\/comments?post=243"}],"version-history":[{"count":0,"href":"https:\/\/blogs.correiobraziliense.com.br\/consumidor\/wp-json\/wp\/v2\/posts\/243\/revisions"}],"wp:attachment":[{"href":"https:\/\/blogs.correiobraziliense.com.br\/consumidor\/wp-json\/wp\/v2\/media?parent=243"}],"wp:term":[{"taxonomy":"category","embeddable":true,"href":"https:\/\/blogs.correiobraziliense.com.br\/consumidor\/wp-json\/wp\/v2\/categories?post=243"},{"taxonomy":"post_tag","embeddable":true,"href":"https:\/\/blogs.correiobraziliense.com.br\/consumidor\/wp-json\/wp\/v2\/tags?post=243"}],"curies":[{"name":"wp","href":"https:\/\/api.w.org\/{rel}","templated":true}]}}