{"id":241,"date":"2012-10-28T17:40:00","date_gmt":"2012-10-28T19:40:00","guid":{"rendered":"https:\/\/blogs.correiobraziliense.com.br\/consumidor\/pesquisa_mostra_que_brasileiro_sabe_da_lei_mas_tem_dificuldade_em_aplica-la\/"},"modified":"2012-10-28T17:40:00","modified_gmt":"2012-10-28T19:40:00","slug":"pesquisa_mostra_que_brasileiro_sabe_da_lei_mas_tem_dificuldade_em_aplica-la","status":"publish","type":"post","link":"https:\/\/blogs.correiobraziliense.com.br\/consumidor\/pesquisa_mostra_que_brasileiro_sabe_da_lei_mas_tem_dificuldade_em_aplica-la\/","title":{"rendered":"Pesquisa mostra que brasileiro sabe da lei, mas tem dificuldade em aplic\u00e1-la"},"content":{"rendered":"\n<p>Depois de 22 anos, o C\u00f3digo de Defesa do Consumidor (CDC) \u00e9 uma lei conhecida por praticamente todos os brasileiros. O problema \u00e9 que entre saber da exist\u00eancia da legisla\u00e7\u00e3o e aplic\u00e1-la no dia a dia h\u00e1 uma grande lacuna. De acordo com um levantamento realizado pelos institutos Market Analysis e de Defesa do Consumidor (Idec) em nove capitais brasileiras, 95% dos brasileiros sabem do C\u00f3digo, mas 63% nunca consultaram a lei.   <\/p>\n<p>Apenas 13% dos entrevistados afirmaram conhecer muito bem o CDC. 55% declararam que conhecem razoavelmente e 45% n\u00e3o t\u00eam conhecimentos suficientes.   <\/p>\n<p>O estudo mostrou tamb\u00e9m que quem conhece o C\u00f3digo \u00e9 mais ativo na procura pelos seus direitos. Do total dos entrevistados, 32% conhecem e reclamam; 29% n\u00e3o   conhecem e n\u00e3o reclamam. Outros 23% est\u00e3o familiarizados com a lei, mas mesmo assim, n\u00e3o reclamam. O interessante \u00e9 que 16% reclamam sem conhecer a lei, ou seja, sem sentir que o fazem sobre bases s\u00f3lidas.   <\/p>\n<p>O perfil dos que conhecem e reclamam est\u00e1 bastante vinculado aos homens, das classes mais altas e de alta   escolaridade.    <\/p>\n","protected":false},"excerpt":{"rendered":"<p>Depois de 22 anos, o C\u00f3digo de Defesa do Consumidor (CDC) \u00e9 uma lei conhecida por praticamente todos os brasileiros. O problema \u00e9 que entre saber da exist\u00eancia da legisla\u00e7\u00e3o e aplic\u00e1-la no dia a dia h\u00e1 uma grande lacuna. De acordo com um levantamento realizado pelos institutos Market Analysis e de Defesa do Consumidor (Idec) em nove capitais brasileiras, [&hellip;]<\/p>\n","protected":false},"author":28,"featured_media":0,"comment_status":"open","ping_status":"open","sticky":false,"template":"","format":"standard","meta":{"footnotes":""},"categories":[1],"tags":[],"class_list":["post-241","post","type-post","status-publish","format-standard","hentry","category-sem-categoria"],"_links":{"self":[{"href":"https:\/\/blogs.correiobraziliense.com.br\/consumidor\/wp-json\/wp\/v2\/posts\/241","targetHints":{"allow":["GET"]}}],"collection":[{"href":"https:\/\/blogs.correiobraziliense.com.br\/consumidor\/wp-json\/wp\/v2\/posts"}],"about":[{"href":"https:\/\/blogs.correiobraziliense.com.br\/consumidor\/wp-json\/wp\/v2\/types\/post"}],"author":[{"embeddable":true,"href":"https:\/\/blogs.correiobraziliense.com.br\/consumidor\/wp-json\/wp\/v2\/users\/28"}],"replies":[{"embeddable":true,"href":"https:\/\/blogs.correiobraziliense.com.br\/consumidor\/wp-json\/wp\/v2\/comments?post=241"}],"version-history":[{"count":0,"href":"https:\/\/blogs.correiobraziliense.com.br\/consumidor\/wp-json\/wp\/v2\/posts\/241\/revisions"}],"wp:attachment":[{"href":"https:\/\/blogs.correiobraziliense.com.br\/consumidor\/wp-json\/wp\/v2\/media?parent=241"}],"wp:term":[{"taxonomy":"category","embeddable":true,"href":"https:\/\/blogs.correiobraziliense.com.br\/consumidor\/wp-json\/wp\/v2\/categories?post=241"},{"taxonomy":"post_tag","embeddable":true,"href":"https:\/\/blogs.correiobraziliense.com.br\/consumidor\/wp-json\/wp\/v2\/tags?post=241"}],"curies":[{"name":"wp","href":"https:\/\/api.w.org\/{rel}","templated":true}]}}