{"id":2309,"date":"2018-02-23T07:00:11","date_gmt":"2018-02-23T10:00:11","guid":{"rendered":"https:\/\/blogs.correiobraziliense.com.br\/consumidor\/?p=2309"},"modified":"2018-02-21T15:12:52","modified_gmt":"2018-02-21T18:12:52","slug":"ligacoes-excessivas-de-telemarketing-incomodam-consumidora","status":"publish","type":"post","link":"https:\/\/blogs.correiobraziliense.com.br\/consumidor\/ligacoes-excessivas-de-telemarketing-incomodam-consumidora\/","title":{"rendered":"Liga\u00e7\u00f5es excessivas de telemarketing incomodam consumidora"},"content":{"rendered":"<p>A estudante de comunica\u00e7\u00e3o, Evelyn Santos, 19 anos, reclama da inconveni\u00eancia da prestadora de servi\u00e7os de celular Claro ao usar n\u00fameros que n\u00e3o a identifica nas liga\u00e7\u00f5es. \u201cEles ligam para o meu celular oferecendo promo\u00e7\u00f5es a partir de telefones que n\u00e3o conhe\u00e7o. Eu atendo achando que \u00e9 algu\u00e9m querendo falar algo s\u00e9rio. Mas, na verdade, \u00e9 a Claro. A empresa repete o procedimento a partir de n\u00fameros diferentes e em hor\u00e1rios horr\u00edveis, por exemplo, \u00e0s 9h da manh\u00e3 de um s\u00e1bado\u201d, detalha a estudante. Evelyn acrescenta ainda que \u201cj\u00e1 pediu diversas vezes para n\u00e3o ligarem mais para ela, mas a empresa continua insistindo, \u00e0s vezes at\u00e9 tr\u00eas vezes no mesmo dia.\u201d<\/p>\n<p><strong>Resposta da empresa<\/strong><\/p>\n<p>A Claro informou que est\u00e1 em contato com a cliente para a finaliza\u00e7\u00e3o do caso. A empresa se colocou \u00e0 disposi\u00e7\u00e3o e pediu desculpas por qualquer transtorno causado.<\/p>\n<p><strong>Coment\u00e1rio da leitora<\/strong><\/p>\n<p>\u201cPedi que parassem com as liga\u00e7\u00f5es. Espero que n\u00e3o volte a acontecer.\u201d<\/p>\n<p><strong>Problemas com a empresa? Denuncie.\u00a0<\/strong><\/p>\n<p><a href=\"https:\/\/blogs.correiobraziliense.com.br\/consumidor\/wp-content\/uploads\/sites\/11\/2016\/11\/Celular.jpg\" rel=\"attachment wp-att-1613\"><img loading=\"lazy\" decoding=\"async\" class=\"alignnone size-full wp-image-1613\" src=\"https:\/\/blogs.correiobraziliense.com.br\/consumidor\/wp-content\/uploads\/sites\/11\/2016\/11\/Celular.jpg\" alt=\"Celular\" width=\"360\" height=\"134\" srcset=\"https:\/\/blogs.correiobraziliense.com.br\/consumidor\/wp-content\/uploads\/sites\/11\/2016\/11\/Celular.jpg 360w, https:\/\/blogs.correiobraziliense.com.br\/consumidor\/wp-content\/uploads\/sites\/11\/2016\/11\/Celular-300x112.jpg 300w, https:\/\/blogs.correiobraziliense.com.br\/consumidor\/wp-content\/uploads\/sites\/11\/2016\/11\/Celular-350x130.jpg 350w, https:\/\/blogs.correiobraziliense.com.br\/consumidor\/wp-content\/uploads\/sites\/11\/2016\/11\/Celular-230x86.jpg 230w\" sizes=\"auto, (max-width: 360px) 100vw, 360px\" \/><\/a><\/p>\n","protected":false},"excerpt":{"rendered":"<p>A estudante de comunica\u00e7\u00e3o, Evelyn Santos, 19 anos, reclama da inconveni\u00eancia da prestadora de servi\u00e7os de celular Claro ao usar n\u00fameros que n\u00e3o a identifica nas liga\u00e7\u00f5es. \u201cEles ligam para o meu celular oferecendo promo\u00e7\u00f5es a partir de telefones que n\u00e3o conhe\u00e7o. Eu atendo achando que \u00e9 algu\u00e9m querendo falar algo s\u00e9rio. Mas, na verdade, \u00e9 a Claro. A empresa [&hellip;]<\/p>\n","protected":false},"author":28,"featured_media":0,"comment_status":"open","ping_status":"closed","sticky":false,"template":"","format":"standard","meta":{"footnotes":""},"categories":[144],"tags":[],"class_list":["post-2309","post","type-post","status-publish","format-standard","hentry","category-consumidor"],"_links":{"self":[{"href":"https:\/\/blogs.correiobraziliense.com.br\/consumidor\/wp-json\/wp\/v2\/posts\/2309","targetHints":{"allow":["GET"]}}],"collection":[{"href":"https:\/\/blogs.correiobraziliense.com.br\/consumidor\/wp-json\/wp\/v2\/posts"}],"about":[{"href":"https:\/\/blogs.correiobraziliense.com.br\/consumidor\/wp-json\/wp\/v2\/types\/post"}],"author":[{"embeddable":true,"href":"https:\/\/blogs.correiobraziliense.com.br\/consumidor\/wp-json\/wp\/v2\/users\/28"}],"replies":[{"embeddable":true,"href":"https:\/\/blogs.correiobraziliense.com.br\/consumidor\/wp-json\/wp\/v2\/comments?post=2309"}],"version-history":[{"count":1,"href":"https:\/\/blogs.correiobraziliense.com.br\/consumidor\/wp-json\/wp\/v2\/posts\/2309\/revisions"}],"predecessor-version":[{"id":2310,"href":"https:\/\/blogs.correiobraziliense.com.br\/consumidor\/wp-json\/wp\/v2\/posts\/2309\/revisions\/2310"}],"wp:attachment":[{"href":"https:\/\/blogs.correiobraziliense.com.br\/consumidor\/wp-json\/wp\/v2\/media?parent=2309"}],"wp:term":[{"taxonomy":"category","embeddable":true,"href":"https:\/\/blogs.correiobraziliense.com.br\/consumidor\/wp-json\/wp\/v2\/categories?post=2309"},{"taxonomy":"post_tag","embeddable":true,"href":"https:\/\/blogs.correiobraziliense.com.br\/consumidor\/wp-json\/wp\/v2\/tags?post=2309"}],"curies":[{"name":"wp","href":"https:\/\/api.w.org\/{rel}","templated":true}]}}