{"id":2296,"date":"2018-02-05T18:22:41","date_gmt":"2018-02-05T20:22:41","guid":{"rendered":"https:\/\/blogs.correiobraziliense.com.br\/consumidor\/?p=2296"},"modified":"2018-02-05T18:22:41","modified_gmt":"2018-02-05T20:22:41","slug":"regras-para-contratacao-de-planos-empresariais-nao-protegem-o-consumidor-afirma-idec","status":"publish","type":"post","link":"https:\/\/blogs.correiobraziliense.com.br\/consumidor\/regras-para-contratacao-de-planos-empresariais-nao-protegem-o-consumidor-afirma-idec\/","title":{"rendered":"Novas regras para contrata\u00e7\u00e3o de planos empresariais n\u00e3o protegem o consumidor, afirma Idec"},"content":{"rendered":"<p><a href=\"https:\/\/blogs.correiobraziliense.com.br\/consumidor\/wp-content\/uploads\/sites\/11\/2016\/08\/CBPILU010920151194.jpg\" rel=\"attachment wp-att-1306\"><img loading=\"lazy\" decoding=\"async\" class=\" wp-image-1306\" src=\"https:\/\/blogs.correiobraziliense.com.br\/consumidor\/wp-content\/uploads\/sites\/11\/2016\/08\/CBPILU010920151194.jpg\" alt=\"Cr\u00e9dito: Caio Gomez\/CB\/D.A Press. \" width=\"379\" height=\"380\" srcset=\"https:\/\/blogs.correiobraziliense.com.br\/consumidor\/wp-content\/uploads\/sites\/11\/2016\/08\/CBPILU010920151194.jpg 800w, https:\/\/blogs.correiobraziliense.com.br\/consumidor\/wp-content\/uploads\/sites\/11\/2016\/08\/CBPILU010920151194-150x150.jpg 150w, https:\/\/blogs.correiobraziliense.com.br\/consumidor\/wp-content\/uploads\/sites\/11\/2016\/08\/CBPILU010920151194-300x300.jpg 300w, https:\/\/blogs.correiobraziliense.com.br\/consumidor\/wp-content\/uploads\/sites\/11\/2016\/08\/CBPILU010920151194-768x771.jpg 768w, https:\/\/blogs.correiobraziliense.com.br\/consumidor\/wp-content\/uploads\/sites\/11\/2016\/08\/CBPILU010920151194-350x350.jpg 350w, https:\/\/blogs.correiobraziliense.com.br\/consumidor\/wp-content\/uploads\/sites\/11\/2016\/08\/CBPILU010920151194-550x552.jpg 550w, https:\/\/blogs.correiobraziliense.com.br\/consumidor\/wp-content\/uploads\/sites\/11\/2016\/08\/CBPILU010920151194-230x231.jpg 230w\" sizes=\"auto, (max-width: 379px) 100vw, 379px\" \/><\/a><\/p>\n<p>Na tentativa de diminuir as fraudes nas contrata\u00e7\u00f5es de servi\u00e7os de planos de sa\u00fade, a <a href=\"https:\/\/blogs.correiobraziliense.com.br\/consumidor\/ans-normatiza-uso-de-cnpj-de-empresario-individual-para-contratacao-de-plano-de-saude\/\">Ag\u00eancia Nacional de Sa\u00fade Suplementar (ANS) divulgou na semana passada<\/a>\u00a0novas regras para a contrata\u00e7\u00e3o de plano coletivo empresarial por microempreendedor individual e donos de pequenos neg\u00f3cios. Entretanto, na an\u00e1lise de uma das principais associa\u00e7\u00f5es de defesa do consumidor do Brasil, o Instituto Brasileiro de Defesa do Consumidor (Idec), a medida n\u00e3o \u00e9 efetiva. &#8220;Principalmente, por n\u00e3o oferecer prote\u00e7\u00e3o suficiente contra eventuais abusos por parte das operadoras&#8221;.<\/p>\n<p>Por isso, o Idec enviou carta ao Minist\u00e9rio P\u00fablico Federal (MPF), \u00e0 Associa\u00e7\u00e3o Nacional do Minist\u00e9rio P\u00fablico do Consumidor (MPCon) e \u00e0 Secretaria Nacional do Consumidor (Senacon) pedindo para as entidades exigirem da ANS a cria\u00e7\u00e3o de regras mais r\u00edgidas, que protejam os consumidores de maneira mais adequada.\u00a0\u201cNas novas regras, ao contratar um plano empresarial, o consumidor n\u00e3o conta com as garantias previstas no servi\u00e7o individual\/familiar, como a proibi\u00e7\u00e3o do cancelamento unilateral por parte da empresa, e fixa\u00e7\u00e3o de um \u00edndice m\u00e1ximo de reajuste\u201d, explicou, por nota, a associa\u00e7\u00e3o.<\/p>\n<p>Em dezembro, o MPF de S\u00e3o Paulo anunciou que estava investigando a Amil, a Bradesco Seguros e alguns de seus corretores, devido a poss\u00edveis fraudes nos planos de sa\u00fade empresariais. De acordo com den\u00fancias, os corretores estavam induzindo os consumidores a abrir microempresas para poder usufruir de planos coletivos. Na \u00e9poca, o Idec divulgou uma nota de apoio \u00e0 investiga\u00e7\u00e3o e afirmou que as fraudes ocorrem devido \u00e0 m\u00e1 regula\u00e7\u00e3o da ANS, que leva \u00e0 escassez de planos individuais.<\/p>\n","protected":false},"excerpt":{"rendered":"<p>Na tentativa de diminuir as fraudes nas contrata\u00e7\u00f5es de servi\u00e7os de planos de sa\u00fade, a Ag\u00eancia Nacional de Sa\u00fade Suplementar (ANS) divulgou na semana passada\u00a0novas regras para a contrata\u00e7\u00e3o de plano coletivo empresarial por microempreendedor individual e donos de pequenos neg\u00f3cios. Entretanto, na an\u00e1lise de uma das principais associa\u00e7\u00f5es de defesa do consumidor do Brasil, o Instituto Brasileiro de Defesa [&hellip;]<\/p>\n","protected":false},"author":28,"featured_media":0,"comment_status":"open","ping_status":"closed","sticky":false,"template":"","format":"standard","meta":{"footnotes":""},"categories":[144],"tags":[9,14,10,443,444],"class_list":["post-2296","post","type-post","status-publish","format-standard","hentry","category-consumidor","tag-ans","tag-idec","tag-plano-de-saude","tag-regras","tag-resolucoes"],"_links":{"self":[{"href":"https:\/\/blogs.correiobraziliense.com.br\/consumidor\/wp-json\/wp\/v2\/posts\/2296","targetHints":{"allow":["GET"]}}],"collection":[{"href":"https:\/\/blogs.correiobraziliense.com.br\/consumidor\/wp-json\/wp\/v2\/posts"}],"about":[{"href":"https:\/\/blogs.correiobraziliense.com.br\/consumidor\/wp-json\/wp\/v2\/types\/post"}],"author":[{"embeddable":true,"href":"https:\/\/blogs.correiobraziliense.com.br\/consumidor\/wp-json\/wp\/v2\/users\/28"}],"replies":[{"embeddable":true,"href":"https:\/\/blogs.correiobraziliense.com.br\/consumidor\/wp-json\/wp\/v2\/comments?post=2296"}],"version-history":[{"count":1,"href":"https:\/\/blogs.correiobraziliense.com.br\/consumidor\/wp-json\/wp\/v2\/posts\/2296\/revisions"}],"predecessor-version":[{"id":2297,"href":"https:\/\/blogs.correiobraziliense.com.br\/consumidor\/wp-json\/wp\/v2\/posts\/2296\/revisions\/2297"}],"wp:attachment":[{"href":"https:\/\/blogs.correiobraziliense.com.br\/consumidor\/wp-json\/wp\/v2\/media?parent=2296"}],"wp:term":[{"taxonomy":"category","embeddable":true,"href":"https:\/\/blogs.correiobraziliense.com.br\/consumidor\/wp-json\/wp\/v2\/categories?post=2296"},{"taxonomy":"post_tag","embeddable":true,"href":"https:\/\/blogs.correiobraziliense.com.br\/consumidor\/wp-json\/wp\/v2\/tags?post=2296"}],"curies":[{"name":"wp","href":"https:\/\/api.w.org\/{rel}","templated":true}]}}