{"id":2263,"date":"2018-01-26T17:17:17","date_gmt":"2018-01-26T19:17:17","guid":{"rendered":"https:\/\/blogs.correiobraziliense.com.br\/consumidor\/?p=2263"},"modified":"2018-01-26T17:17:17","modified_gmt":"2018-01-26T19:17:17","slug":"ans-normatiza-uso-de-cnpj-de-empresario-individual-para-contratacao-de-plano-de-saude","status":"publish","type":"post","link":"https:\/\/blogs.correiobraziliense.com.br\/consumidor\/ans-normatiza-uso-de-cnpj-de-empresario-individual-para-contratacao-de-plano-de-saude\/","title":{"rendered":"ANS normatiza uso de CNPJ de empres\u00e1rio individual para contrata\u00e7\u00e3o de plano de sa\u00fade"},"content":{"rendered":"<p><a href=\"https:\/\/blogs.correiobraziliense.com.br\/consumidor\/wp-content\/uploads\/sites\/11\/2016\/02\/CBPILU230920150648-e1454334631619.jpg\" rel=\"attachment wp-att-810\"><img loading=\"lazy\" decoding=\"async\" class=\"size-full wp-image-810\" src=\"https:\/\/blogs.correiobraziliense.com.br\/consumidor\/wp-content\/uploads\/sites\/11\/2016\/02\/CBPILU230920150648-e1454334631619.jpg\" alt=\"Maurenilson Freire\/CB\/D.A Press. \" width=\"722\" height=\"531\" \/><\/a><\/p>\n<p>A partir de segunda feira (29\/1) entra em vigor a Resolu\u00e7\u00e3o n\u00ba 432 da Ag\u00eancia Nacional de Sa\u00fade Suplementar (ANS) que\u00a0regulamenta a contrata\u00e7\u00e3o de plano de sa\u00fade coletivo empresarial por empres\u00e1rio individual. A resolu\u00e7\u00e3o sai ap\u00f3s <a href=\"https:\/\/blogs.correiobraziliense.com.br\/consumidor\/plano_individual_fora_do_mercado\/\" target=\"_blank\">quase cinco anos de den\u00fancias <\/a>de que operadoras de plano de sa\u00fade usavam o CNPJ simplificado para colocar o cliente pessoa f\u00edsica como empresa e, com isso, fugir \u00e0s regulamenta\u00e7\u00f5es da ANS.<\/p>\n<p>De acordo com a ANS, &#8220;a\u00a0medida contribui para coibir abusos relacionados a esse tipo de contrata\u00e7\u00e3o \u2013 como a constitui\u00e7\u00e3o de empresa exclusivamente para este fim \u2013 e d\u00e1 mais seguran\u00e7a jur\u00eddica e transpar\u00eancia ao mercado, ao estabelecer as particularidades desse tipo de contrato&#8221;.<\/p>\n<p>A normativa estabelece que, para ter direito \u00e0 contrata\u00e7\u00e3o do plano de sa\u00fade, o empres\u00e1rio individual dever\u00e1 apresentar documento que confirme a sua inscri\u00e7\u00e3o nos \u00f3rg\u00e3os competentes, bem como a regularidade cadastral junto \u00e0 Receita Federal &#8211; e outros que vierem a ser exigidos pela legisla\u00e7\u00e3o vigente &#8211; pelo per\u00edodo m\u00ednimo de seis meses. E, da mesma forma, para manter o contrato, o empres\u00e1rio individual dever\u00e1 conservar a inscri\u00e7\u00e3o nos \u00f3rg\u00e3os competentes e a regularidade do seu cadastro na Receita. As operadoras e as administradoras de benef\u00edcios dever\u00e3o exigir esses documentos em dois momentos: quando da contrata\u00e7\u00e3o do plano e anualmente, no m\u00eas de anivers\u00e1rio do contrato.<\/p>\n<p>A operadora ou administradora de benef\u00edcios deve informar ao contratante as principais caracter\u00edsticas plano a que est\u00e1 se vinculando, tais como o tipo de contrata\u00e7\u00e3o e regras relacionadas. Outro ponto importante da resolu\u00e7\u00e3o \u00e9 o estabelecimento de uma regra para os casos de rescis\u00e3o unilateral imotivada pela operadora. Com a resolu\u00e7\u00e3o, a rescis\u00e3o sem motivo s\u00f3 pode ocorrer\u00a0ap\u00f3s um ano de vig\u00eancia, na data de anivers\u00e1rio e mediante notifica\u00e7\u00e3o pr\u00e9via de 60 dias. \u00a0Na ocasi\u00e3o, a operadora dever\u00e1 apresentar ao contratante as raz\u00f5es da rescis\u00e3o no ato da comunica\u00e7\u00e3o. De acordo com a ANS, a medida evita que o benefici\u00e1rio seja surpreendido com o cancelamento do contrato a qualquer tempo, dando mais previsibilidade.<\/p>\n<p>Se for constatada a ilegitimidade do contratante, a operadora pode rescindir o contrato, desde que fa\u00e7a a notifica\u00e7\u00e3o com 60 dias de anteced\u00eancia, informando que a rescis\u00e3o ser\u00e1 realizada se n\u00e3o for comprovada, neste prazo, a regularidade do seu registro nos \u00f3rg\u00e3os competentes. A comprova\u00e7\u00e3o anual da condi\u00e7\u00e3o de empres\u00e1rio individual e dos requisitos de elegibilidade dos benefici\u00e1rios a ele vinculados dever\u00e1 ser exigida tamb\u00e9m nos contratos celebrados antes da vig\u00eancia dessa resolu\u00e7\u00e3o.<\/p>\n<p>A celebra\u00e7\u00e3o e a manuten\u00e7\u00e3o de contrato coletivo empresarial que n\u00e3o atenda ao que \u00e9 disposto na norma equipara-se, para todos os efeitos legais, ao plano individual ou familiar.<\/p>\n<h4>Cartilha<\/h4>\n<p>Para facilitar o entendimento da nova norma, a ANS disponibilizou uma <a href=\"http:\/\/www.ans.gov.br\/images\/stories\/Cartilha_MEI.pdf\" target=\"_blank\">cartilha<\/a> com\u00a0as principais informa\u00e7\u00f5es para esclarecer benefici\u00e1rios de planos de sa\u00fade, novos contratantes e os pr\u00f3prios agentes do setor.<\/p>\n<p><em>Com informa\u00e7\u00f5es da ANS<\/em><\/p>\n<p>&nbsp;<\/p>\n","protected":false},"excerpt":{"rendered":"<p>A partir de segunda feira (29\/1) entra em vigor a Resolu\u00e7\u00e3o n\u00ba 432 da Ag\u00eancia Nacional de Sa\u00fade Suplementar (ANS) que\u00a0regulamenta a contrata\u00e7\u00e3o de plano de sa\u00fade coletivo empresarial por empres\u00e1rio individual. A resolu\u00e7\u00e3o sai ap\u00f3s quase cinco anos de den\u00fancias de que operadoras de plano de sa\u00fade usavam o CNPJ simplificado para colocar o cliente pessoa f\u00edsica como empresa [&hellip;]<\/p>\n","protected":false},"author":28,"featured_media":0,"comment_status":"open","ping_status":"closed","sticky":false,"template":"","format":"standard","meta":{"footnotes":""},"categories":[144],"tags":[9,435,436,10],"class_list":["post-2263","post","type-post","status-publish","format-standard","hentry","category-consumidor","tag-ans","tag-mei","tag-nova-norma","tag-plano-de-saude"],"_links":{"self":[{"href":"https:\/\/blogs.correiobraziliense.com.br\/consumidor\/wp-json\/wp\/v2\/posts\/2263","targetHints":{"allow":["GET"]}}],"collection":[{"href":"https:\/\/blogs.correiobraziliense.com.br\/consumidor\/wp-json\/wp\/v2\/posts"}],"about":[{"href":"https:\/\/blogs.correiobraziliense.com.br\/consumidor\/wp-json\/wp\/v2\/types\/post"}],"author":[{"embeddable":true,"href":"https:\/\/blogs.correiobraziliense.com.br\/consumidor\/wp-json\/wp\/v2\/users\/28"}],"replies":[{"embeddable":true,"href":"https:\/\/blogs.correiobraziliense.com.br\/consumidor\/wp-json\/wp\/v2\/comments?post=2263"}],"version-history":[{"count":2,"href":"https:\/\/blogs.correiobraziliense.com.br\/consumidor\/wp-json\/wp\/v2\/posts\/2263\/revisions"}],"predecessor-version":[{"id":2270,"href":"https:\/\/blogs.correiobraziliense.com.br\/consumidor\/wp-json\/wp\/v2\/posts\/2263\/revisions\/2270"}],"wp:attachment":[{"href":"https:\/\/blogs.correiobraziliense.com.br\/consumidor\/wp-json\/wp\/v2\/media?parent=2263"}],"wp:term":[{"taxonomy":"category","embeddable":true,"href":"https:\/\/blogs.correiobraziliense.com.br\/consumidor\/wp-json\/wp\/v2\/categories?post=2263"},{"taxonomy":"post_tag","embeddable":true,"href":"https:\/\/blogs.correiobraziliense.com.br\/consumidor\/wp-json\/wp\/v2\/tags?post=2263"}],"curies":[{"name":"wp","href":"https:\/\/api.w.org\/{rel}","templated":true}]}}