{"id":226,"date":"2012-10-02T06:00:00","date_gmt":"2012-10-02T09:00:00","guid":{"rendered":"https:\/\/blogs.correiobraziliense.com.br\/consumidor\/ans_exige_mais_informacoes_sobre_os_planos_de_saude_empresariais\/"},"modified":"2012-10-02T06:00:00","modified_gmt":"2012-10-02T09:00:00","slug":"ans_exige_mais_informacoes_sobre_os_planos_de_saude_empresariais","status":"publish","type":"post","link":"https:\/\/blogs.correiobraziliense.com.br\/consumidor\/ans_exige_mais_informacoes_sobre_os_planos_de_saude_empresariais\/","title":{"rendered":"ANS exige mais informa\u00e7\u00f5es sobre os planos de sa\u00fade empresariais"},"content":{"rendered":"\n<p>As operadoras de planos de sa\u00fade dever\u00e3o informar at\u00e9 10 de janeiro de 2013 para a Ag\u00eancia Nacional de Sa\u00fade Suplementar (ANS) como s\u00e3o calculados os pre\u00e7os dos planos coletivos empresariais que comercializam. Sem essas informa\u00e7\u00f5es, a modalidade \u00e9 a \u00fanica que exige que o usu\u00e1rio cumpra novamante o per\u00edodo de car\u00eancia caso mude de plano.   <\/p>\n<p>As exce\u00e7\u00f5es s\u00e3o ex-empregados aposentados ou demitidos sem justa causa; dependentes no caso da morte do titular e operadoras com liquida\u00e7\u00e3o decretada ou&nbsp; registros cancelados pela ANS.   <\/p>\n<p>A ANS exigiu as informa\u00e7\u00f5es para estender as regras de portabilidade aos usu\u00e1rios vinculados aos planos coletivos empresariais e aumentar a concorr\u00eancia.  <\/p>\n<p>A medida ter\u00e1 impacto principalmente nos planos com menos de 30 usu\u00e1rios cujas empresas contratantes, geralmente de m\u00e9dio e pequeno  porte, t\u00eam pouco poder de barganha na aquisi\u00e7\u00e3o e nas negocia\u00e7\u00f5es  referentes a reajustes desses planos. <\/p>\n","protected":false},"excerpt":{"rendered":"<p>As operadoras de planos de sa\u00fade dever\u00e3o informar at\u00e9 10 de janeiro de 2013 para a Ag\u00eancia Nacional de Sa\u00fade Suplementar (ANS) como s\u00e3o calculados os pre\u00e7os dos planos coletivos empresariais que comercializam. Sem essas informa\u00e7\u00f5es, a modalidade \u00e9 a \u00fanica que exige que o usu\u00e1rio cumpra novamante o per\u00edodo de car\u00eancia caso mude de plano. As exce\u00e7\u00f5es s\u00e3o ex-empregados [&hellip;]<\/p>\n","protected":false},"author":28,"featured_media":0,"comment_status":"open","ping_status":"open","sticky":false,"template":"","format":"standard","meta":{"footnotes":""},"categories":[1],"tags":[],"class_list":["post-226","post","type-post","status-publish","format-standard","hentry","category-sem-categoria"],"_links":{"self":[{"href":"https:\/\/blogs.correiobraziliense.com.br\/consumidor\/wp-json\/wp\/v2\/posts\/226","targetHints":{"allow":["GET"]}}],"collection":[{"href":"https:\/\/blogs.correiobraziliense.com.br\/consumidor\/wp-json\/wp\/v2\/posts"}],"about":[{"href":"https:\/\/blogs.correiobraziliense.com.br\/consumidor\/wp-json\/wp\/v2\/types\/post"}],"author":[{"embeddable":true,"href":"https:\/\/blogs.correiobraziliense.com.br\/consumidor\/wp-json\/wp\/v2\/users\/28"}],"replies":[{"embeddable":true,"href":"https:\/\/blogs.correiobraziliense.com.br\/consumidor\/wp-json\/wp\/v2\/comments?post=226"}],"version-history":[{"count":0,"href":"https:\/\/blogs.correiobraziliense.com.br\/consumidor\/wp-json\/wp\/v2\/posts\/226\/revisions"}],"wp:attachment":[{"href":"https:\/\/blogs.correiobraziliense.com.br\/consumidor\/wp-json\/wp\/v2\/media?parent=226"}],"wp:term":[{"taxonomy":"category","embeddable":true,"href":"https:\/\/blogs.correiobraziliense.com.br\/consumidor\/wp-json\/wp\/v2\/categories?post=226"},{"taxonomy":"post_tag","embeddable":true,"href":"https:\/\/blogs.correiobraziliense.com.br\/consumidor\/wp-json\/wp\/v2\/tags?post=226"}],"curies":[{"name":"wp","href":"https:\/\/api.w.org\/{rel}","templated":true}]}}