{"id":2258,"date":"2018-01-23T16:01:48","date_gmt":"2018-01-23T18:01:48","guid":{"rendered":"https:\/\/blogs.correiobraziliense.com.br\/consumidor\/?p=2258"},"modified":"2018-01-23T16:01:49","modified_gmt":"2018-01-23T18:01:49","slug":"justica-nega-indenizacao-a-passageiro-que-teve-voo-cancelado-por-nevasca","status":"publish","type":"post","link":"https:\/\/blogs.correiobraziliense.com.br\/consumidor\/justica-nega-indenizacao-a-passageiro-que-teve-voo-cancelado-por-nevasca\/","title":{"rendered":"Justi\u00e7a nega indeniza\u00e7\u00e3o a passageiro que teve voo cancelado por nevasca"},"content":{"rendered":"<div>A ju\u00edza titular do 2\u00ba Juizado Especial C\u00edvel de Bras\u00edlia indeferiu os pedidos de indeniza\u00e7\u00e3o por danos morais e materiais pedidos por passageiros que tiveram o voo cancelado devido a uma nevasca. Os viajantes sairiam de Bras\u00edlia com destino a San Carlos de Bariloche, na Argentina, em 15 de julho de 2017.<\/div>\n<div><\/div>\n<div>\nNa decis\u00e3o, a ju\u00edza afirmou que o contexto probat\u00f3rio demonstrou que o fator meteorol\u00f3gico interferiu no tr\u00e1fego a\u00e9reo, acarretando o cancelamento de diversos voos, causa excludente da responsabilidade da empresa fornecedora do servi\u00e7o. \u201cFoi configurado motivo de for\u00e7a maior, que inviabilizou a ado\u00e7\u00e3o de qualquer medida efetiva para evitar o dano. Por conseguinte, rompido o nexo de causalidade entre o servi\u00e7o de transporte a\u00e9reo prestado e os danos reclamados pelos autores, por for\u00e7a do fortuito externo, for\u00e7oso reconhecer que a r\u00e9 n\u00e3o \u00e9 respons\u00e1vel pelo ressarcimento dos danos suportados pelos autores\u201d, declarou.<\/div>\n<div><\/div>\n<div>A ju\u00edza ainda lembrou que as normas e os tratados internacionais limitadores da responsabilidade das transportadoras a\u00e9reas de passageiros, especialmente as Conven\u00e7\u00f5es de Vars\u00f3via e Montreal, t\u00eam preval\u00eancia em rela\u00e7\u00e3o ao C\u00f3digo de Defesa do Consumidor.<\/div>\n<div><\/div>\n<div>No no art. 19 da Conven\u00e7\u00e3o de Montreal \u00e9 declaro que o transportador \u00e9 respons\u00e1vel pelo dano ocasionado por atrasos no transporte a\u00e9reo de passageiros, bagagem ou carga. N\u00e3o obstante, o transportador n\u00e3o ser\u00e1 respons\u00e1vel pelo dano ocasionado por atraso se prova que ele e seus prepostos adotaram todas as medidas que eram razoavelmente necess\u00e1rias para evitar o dano ou que lhes foi imposs\u00edvel, a um e a outros, adotar tais medidas.<\/div>\n","protected":false},"excerpt":{"rendered":"<p>A ju\u00edza titular do 2\u00ba Juizado Especial C\u00edvel de Bras\u00edlia indeferiu os pedidos de indeniza\u00e7\u00e3o por danos morais e materiais pedidos por passageiros que tiveram o voo cancelado devido a uma nevasca. Os viajantes sairiam de Bras\u00edlia com destino a San Carlos de Bariloche, na Argentina, em 15 de julho de 2017. Na decis\u00e3o, a ju\u00edza afirmou que o contexto [&hellip;]<\/p>\n","protected":false},"author":28,"featured_media":0,"comment_status":"open","ping_status":"closed","sticky":false,"template":"","format":"standard","meta":{"footnotes":""},"categories":[144],"tags":[],"class_list":["post-2258","post","type-post","status-publish","format-standard","hentry","category-consumidor"],"_links":{"self":[{"href":"https:\/\/blogs.correiobraziliense.com.br\/consumidor\/wp-json\/wp\/v2\/posts\/2258","targetHints":{"allow":["GET"]}}],"collection":[{"href":"https:\/\/blogs.correiobraziliense.com.br\/consumidor\/wp-json\/wp\/v2\/posts"}],"about":[{"href":"https:\/\/blogs.correiobraziliense.com.br\/consumidor\/wp-json\/wp\/v2\/types\/post"}],"author":[{"embeddable":true,"href":"https:\/\/blogs.correiobraziliense.com.br\/consumidor\/wp-json\/wp\/v2\/users\/28"}],"replies":[{"embeddable":true,"href":"https:\/\/blogs.correiobraziliense.com.br\/consumidor\/wp-json\/wp\/v2\/comments?post=2258"}],"version-history":[{"count":1,"href":"https:\/\/blogs.correiobraziliense.com.br\/consumidor\/wp-json\/wp\/v2\/posts\/2258\/revisions"}],"predecessor-version":[{"id":2259,"href":"https:\/\/blogs.correiobraziliense.com.br\/consumidor\/wp-json\/wp\/v2\/posts\/2258\/revisions\/2259"}],"wp:attachment":[{"href":"https:\/\/blogs.correiobraziliense.com.br\/consumidor\/wp-json\/wp\/v2\/media?parent=2258"}],"wp:term":[{"taxonomy":"category","embeddable":true,"href":"https:\/\/blogs.correiobraziliense.com.br\/consumidor\/wp-json\/wp\/v2\/categories?post=2258"},{"taxonomy":"post_tag","embeddable":true,"href":"https:\/\/blogs.correiobraziliense.com.br\/consumidor\/wp-json\/wp\/v2\/tags?post=2258"}],"curies":[{"name":"wp","href":"https:\/\/api.w.org\/{rel}","templated":true}]}}