{"id":225,"date":"2012-10-01T16:45:00","date_gmt":"2012-10-01T19:45:00","guid":{"rendered":"https:\/\/blogs.correiobraziliense.com.br\/consumidor\/industria_pode_ser_obrigada_a_recomprar_embalagens_de_cosmeticos\/"},"modified":"2012-10-01T16:45:00","modified_gmt":"2012-10-01T19:45:00","slug":"industria_pode_ser_obrigada_a_recomprar_embalagens_de_cosmeticos","status":"publish","type":"post","link":"https:\/\/blogs.correiobraziliense.com.br\/consumidor\/industria_pode_ser_obrigada_a_recomprar_embalagens_de_cosmeticos\/","title":{"rendered":"Ind\u00fastria pode ser obrigada a recomprar embalagens de cosm\u00e9ticos"},"content":{"rendered":"\n<div> \tAs empresas de cosm\u00e9ticos poder\u00e3o ser obrigadas a recomprar as  embalagens usadas de vidro e pl\u00e1stico dos seus produtos, para  reutiliza\u00e7\u00e3o. A determina\u00e7\u00e3o consta no Projeto de Lei 4122\/12, do  deputado Onofre Santo Agostini (PSD-SC), em tramita\u00e7\u00e3o na C\u00e2mara. A  recompra poder\u00e1 ser feita diretamente na rede revendedora dos produtos  ou em centros de coleta.<\/div>\n<div> \t&nbsp;<\/div>\n<div> \tDe acordo com a proposta, a ind\u00fastria dever\u00e1 apresentar ao Conselho  Nacional do Meio Ambiente (Conama) propostas para a recompra, que  dever\u00e3o atender \u00e0 meta de reciclagem de pelo menos 25% das embalagens  comercializadas. Se preferirem, as empresas poder\u00e3o optar por investir  quantia equivalente \u00e0 reciclagem na instala\u00e7\u00e3o de centros de coleta.<\/div>\n<div> \t&nbsp;<\/div>\n<div> \tSegundo o deputado, o projeto tem como objetivo responsabilizar as  empresas pela destina\u00e7\u00e3o ambientalmente correta das embalagens. Ele  salienta que o descarte sem os cuidados necess\u00e1rios polui o meio  ambiente, como ocorre com os vidros de esmalte para unha. Os esmaltes  coloridos possuem metais pesados na composi\u00e7\u00e3o, como cromo e n\u00edquel, que  s\u00e3o altamente t\u00f3xicos.<\/div>\n<div> \t&nbsp;<\/div>\n<div> \t\u201cA reciclagem de vidros e pl\u00e1sticos \u00e9 de extrema import\u00e2ncia para o  meio ambiente. Quando reciclamos, estamos contribuindo para a  sustentabilidade do planeta\u201d, disse o deputado.<\/div>\n<div> \t&nbsp;<\/div>\n<div> \tA Pol\u00edtica Nacional de Res\u00edduos S\u00f3lidos (Lei 12.305\/10) obriga  fabricantes de diversos produtos a recolher embalagens nocivas ao meio  ambiente, como as de agrot\u00f3xicos, ou mesmo produtos usados, como pilhas e  pneus, mas n\u00e3o cita os cosm\u00e9ticos.<\/div>\n<div> \t&nbsp;<\/div>\n<div> \t<strong>Tramita\u00e7\u00e3o<\/strong><\/div>\n<p>  \tO projeto tramita em car\u00e1ter conclusivo nas comiss\u00f5es de  Desenvolvimento Econ\u00f4mico, Ind\u00fastria e Com\u00e9rcio; de Meio Ambiente e  Desenvolvimento Sustent\u00e1vel; e de Constitui\u00e7\u00e3o e Justi\u00e7a e de Cidadania.   <\/p>\n<p>Fonte: Ag\u00eancia C\u00e2mara de Not\u00edcias\t      \t\t <\/p>\n","protected":false},"excerpt":{"rendered":"<p>As empresas de cosm\u00e9ticos poder\u00e3o ser obrigadas a recomprar as embalagens usadas de vidro e pl\u00e1stico dos seus produtos, para reutiliza\u00e7\u00e3o. A determina\u00e7\u00e3o consta no Projeto de Lei 4122\/12, do deputado Onofre Santo Agostini (PSD-SC), em tramita\u00e7\u00e3o na C\u00e2mara. A recompra poder\u00e1 ser feita diretamente na rede revendedora dos produtos ou em centros de coleta. &nbsp; De acordo com a [&hellip;]<\/p>\n","protected":false},"author":28,"featured_media":0,"comment_status":"open","ping_status":"open","sticky":false,"template":"","format":"standard","meta":{"footnotes":""},"categories":[1],"tags":[],"class_list":["post-225","post","type-post","status-publish","format-standard","hentry","category-sem-categoria"],"_links":{"self":[{"href":"https:\/\/blogs.correiobraziliense.com.br\/consumidor\/wp-json\/wp\/v2\/posts\/225","targetHints":{"allow":["GET"]}}],"collection":[{"href":"https:\/\/blogs.correiobraziliense.com.br\/consumidor\/wp-json\/wp\/v2\/posts"}],"about":[{"href":"https:\/\/blogs.correiobraziliense.com.br\/consumidor\/wp-json\/wp\/v2\/types\/post"}],"author":[{"embeddable":true,"href":"https:\/\/blogs.correiobraziliense.com.br\/consumidor\/wp-json\/wp\/v2\/users\/28"}],"replies":[{"embeddable":true,"href":"https:\/\/blogs.correiobraziliense.com.br\/consumidor\/wp-json\/wp\/v2\/comments?post=225"}],"version-history":[{"count":0,"href":"https:\/\/blogs.correiobraziliense.com.br\/consumidor\/wp-json\/wp\/v2\/posts\/225\/revisions"}],"wp:attachment":[{"href":"https:\/\/blogs.correiobraziliense.com.br\/consumidor\/wp-json\/wp\/v2\/media?parent=225"}],"wp:term":[{"taxonomy":"category","embeddable":true,"href":"https:\/\/blogs.correiobraziliense.com.br\/consumidor\/wp-json\/wp\/v2\/categories?post=225"},{"taxonomy":"post_tag","embeddable":true,"href":"https:\/\/blogs.correiobraziliense.com.br\/consumidor\/wp-json\/wp\/v2\/tags?post=225"}],"curies":[{"name":"wp","href":"https:\/\/api.w.org\/{rel}","templated":true}]}}