{"id":2247,"date":"2018-01-18T21:00:21","date_gmt":"2018-01-18T23:00:21","guid":{"rendered":"https:\/\/blogs.correiobraziliense.com.br\/consumidor\/?p=2247"},"modified":"2018-01-19T16:51:21","modified_gmt":"2018-01-19T18:51:21","slug":"gdf-perdeu-mais-de-r-270-milhoes-de-fundo-constitucional","status":"publish","type":"post","link":"https:\/\/blogs.correiobraziliense.com.br\/consumidor\/gdf-perdeu-mais-de-r-270-milhoes-de-fundo-constitucional\/","title":{"rendered":"GDF perdeu mais de R$ 270 milh\u00f5es de Fundo Constitucional"},"content":{"rendered":"<h4><span style=\"font-weight: 400\">Levantamento foi feito desde 2003; gest\u00e3o Agnelo Queiroz foi a que mais devolveu recursos<\/span><\/h4>\n<p>&nbsp;<\/p>\n<p><a href=\"https:\/\/blogs.correiobraziliense.com.br\/consumidor\/wp-content\/uploads\/sites\/11\/2018\/01\/CBPFOT120420060394.jpg\" rel=\"attachment wp-att-2248\"><img loading=\"lazy\" decoding=\"async\" class=\"wp-image-2248 alignright\" src=\"https:\/\/blogs.correiobraziliense.com.br\/consumidor\/wp-content\/uploads\/sites\/11\/2018\/01\/CBPFOT120420060394.jpg\" alt=\"\" width=\"421\" height=\"634\" srcset=\"https:\/\/blogs.correiobraziliense.com.br\/consumidor\/wp-content\/uploads\/sites\/11\/2018\/01\/CBPFOT120420060394.jpg 800w, https:\/\/blogs.correiobraziliense.com.br\/consumidor\/wp-content\/uploads\/sites\/11\/2018\/01\/CBPFOT120420060394-199x300.jpg 199w, https:\/\/blogs.correiobraziliense.com.br\/consumidor\/wp-content\/uploads\/sites\/11\/2018\/01\/CBPFOT120420060394-768x1156.jpg 768w, https:\/\/blogs.correiobraziliense.com.br\/consumidor\/wp-content\/uploads\/sites\/11\/2018\/01\/CBPFOT120420060394-680x1024.jpg 680w, https:\/\/blogs.correiobraziliense.com.br\/consumidor\/wp-content\/uploads\/sites\/11\/2018\/01\/CBPFOT120420060394-233x350.jpg 233w, https:\/\/blogs.correiobraziliense.com.br\/consumidor\/wp-content\/uploads\/sites\/11\/2018\/01\/CBPFOT120420060394-550x828.jpg 550w, https:\/\/blogs.correiobraziliense.com.br\/consumidor\/wp-content\/uploads\/sites\/11\/2018\/01\/CBPFOT120420060394-230x346.jpg 230w\" sizes=\"auto, (max-width: 421px) 100vw, 421px\" \/><\/a><\/p>\n<p><span style=\"font-weight: 400\">O discurso do governo do Distrito Federal recorrente nos \u00faltimos anos \u00e9 a falta de dinheiro. Sem verba, os pagamentos de fornecedores ficaram atrasados, os reajustes salariais congelados e as obras praticamente paradas. Entretanto, se o GDF hoje conta os centavos, ele j\u00e1 esbanjou recurso. Desde 2003 &#8211; in\u00edcio do recebimento do Fundo Constitucional \u00a0&#8211; o governo no Distrito Federal j\u00e1 deixou de usar R$ 270.481.041,54 do fundo. O levantamento foi feito pela Secretaria de Fazenda do Distrito Federal. <\/span><\/p>\n<p><span style=\"font-weight: 400\">O valor refere-se ao dinheiro que a Uni\u00e3o destinou \u00e0 investimentos e que o GDF n\u00e3o usou. Ou seja, a verba estava dispon\u00edvel, mas por burocracia ou por falta de projetos, o GDF n\u00e3o arrumou forma de gastar. Vale lembrar que o dinheiro n\u00e3o pode ser guardado e usado de um ano para o outro. Nesse caso, o GDF n\u00e3o chegou a devolver a verba, porque, embora \u00e0 disposi\u00e7\u00e3o do Executivo local, ela n\u00e3o foi empenhada, ficou nos cofres da Uni\u00e3o.<\/span><\/p>\n<p><span style=\"font-weight: 400\">Desde 2003, nenhum governo conseguiu gastar todo o dinheiro disponibilizado. Mesmo em 2016, quando a Uni\u00e3o destinou R$ 400 milh\u00f5es a menos &#8211; uma vez que o Fundo Constitucional \u00e9 atrelado \u00e0 arrecada\u00e7\u00e3o nacional e houve queda &#8211; todo o dinheiro foi gasto. De 2012 a 2014 &#8211; durante a gest\u00e3o de Agnelo Queiroz &#8211; foram os per\u00edodos em que o governo menos empenhou o Fundo Constitucional. Em 2012, R$ 81,6 milh\u00f5es e em 2013, R$ 77,1 milh\u00f5es. <\/span><\/p>\n<p><span style=\"font-weight: 400\">Com a queda da arrecada\u00e7\u00e3o local e o aperto nas contas p\u00fablicas, os valores n\u00e3o usados ca\u00edram. \u201cO que acontece \u00e9 que \u00e0s vezes a licita\u00e7\u00e3o n\u00e3o chega ao fim, ou tem alguma burocracia que passa de um ano para o outro, ou a empresa n\u00e3o consegue honrar a licita\u00e7\u00e3o\u201d, explica Wilson de Paula, secret\u00e1rio de Fazenda. Ele explica ainda que a quantia n\u00e3o usada, n\u00e3o pode ser usada para pagamento de pessoal, apenas para investimento. <\/span><\/p>\n<p><span style=\"font-weight: 400\">O Fundo Constitucional (FCDF) foi institu\u00eddo pela Lei Federal n\u00ba 10.633\/02, com a finalidade prover os recursos necess\u00e1rios \u00e0 organiza\u00e7\u00e3o e manuten\u00e7\u00e3o da Pol\u00edcia Civil, da Pol\u00edcia Militar e do Corpo de Bombeiros Militar do Distrito Federal, al\u00e9m de prestar assist\u00eancia financeira para execu\u00e7\u00e3o de servi\u00e7os p\u00fablicos de sa\u00fade e educa\u00e7\u00e3o. <\/span><\/p>\n<p>&nbsp;<\/p>\n<blockquote><p><b>TOTAL GERAL<\/b><b><br \/>\n<\/b><span style=\"font-weight: 400\">2003<\/span> <span style=\"font-weight: 400\">3.356.182.872<\/span><span style=\"font-weight: 400\"><br \/>\n<\/span><span style=\"font-weight: 400\">2004<\/span> <span style=\"font-weight: 400\">3.975.924.185<\/span><span style=\"font-weight: 400\"><br \/>\n<\/span><span style=\"font-weight: 400\">2005<\/span> <span style=\"font-weight: 400\">4.452.594.891<\/span><span style=\"font-weight: 400\"><br \/>\n<\/span><span style=\"font-weight: 400\">2006<\/span> <span style=\"font-weight: 400\">5.258.508.597<\/span><span style=\"font-weight: 400\"><br \/>\n<\/span><span style=\"font-weight: 400\">2007<\/span> <span style=\"font-weight: 400\">6.055.201.243<\/span><span style=\"font-weight: 400\"><br \/>\n<\/span><span style=\"font-weight: 400\">2008<\/span> <span style=\"font-weight: 400\">6.595.079.327<\/span><span style=\"font-weight: 400\"><br \/>\n<\/span><span style=\"font-weight: 400\">2009<\/span> <span style=\"font-weight: 400\">7.604.443.339<\/span><span style=\"font-weight: 400\"><br \/>\n<\/span><span style=\"font-weight: 400\">2010<\/span> <span style=\"font-weight: 400\">7.685.571.324<\/span><span style=\"font-weight: 400\"><br \/>\n<\/span><span style=\"font-weight: 400\">2011<\/span> <span style=\"font-weight: 400\">8.748.271.757<\/span><span style=\"font-weight: 400\"><br \/>\n<\/span><span style=\"font-weight: 400\">2012<\/span> <span style=\"font-weight: 400\">9.975.537.343<\/span><span style=\"font-weight: 400\"><br \/>\n<\/span><span style=\"font-weight: 400\">2013<\/span> <span style=\"font-weight: 400\">10.694.936.470<\/span><span style=\"font-weight: 400\"><br \/>\n<\/span><span style=\"font-weight: 400\">2014<\/span> <span style=\"font-weight: 400\">11.664.812.281<\/span><span style=\"font-weight: 400\"><br \/>\n<\/span><span style=\"font-weight: 400\">2015<\/span> <span style=\"font-weight: 400\">12.399.541.239<\/span><span style=\"font-weight: 400\"><br \/>\n<\/span><span style=\"font-weight: 400\">2016<\/span> <span style=\"font-weight: 400\">12.017.318.201<br \/>\n<\/span><span style=\"font-weight: 400\">2017 <\/span> <span style=\"font-weight: 400\">13.218.604.133<\/span><\/p><\/blockquote>\n","protected":false},"excerpt":{"rendered":"<p>Levantamento foi feito desde 2003; gest\u00e3o Agnelo Queiroz foi a que mais devolveu recursos &nbsp; O discurso do governo do Distrito Federal recorrente nos \u00faltimos anos \u00e9 a falta de dinheiro. Sem verba, os pagamentos de fornecedores ficaram atrasados, os reajustes salariais congelados e as obras praticamente paradas. Entretanto, se o GDF hoje conta os centavos, ele j\u00e1 esbanjou recurso. [&hellip;]<\/p>\n","protected":false},"author":28,"featured_media":0,"comment_status":"open","ping_status":"closed","sticky":false,"template":"","format":"standard","meta":{"footnotes":""},"categories":[144],"tags":[426,424,129,427,425],"class_list":["post-2247","post","type-post","status-publish","format-standard","hentry","category-consumidor","tag-devolucao","tag-fundo-constitucional","tag-gdf","tag-projetos","tag-verba"],"_links":{"self":[{"href":"https:\/\/blogs.correiobraziliense.com.br\/consumidor\/wp-json\/wp\/v2\/posts\/2247","targetHints":{"allow":["GET"]}}],"collection":[{"href":"https:\/\/blogs.correiobraziliense.com.br\/consumidor\/wp-json\/wp\/v2\/posts"}],"about":[{"href":"https:\/\/blogs.correiobraziliense.com.br\/consumidor\/wp-json\/wp\/v2\/types\/post"}],"author":[{"embeddable":true,"href":"https:\/\/blogs.correiobraziliense.com.br\/consumidor\/wp-json\/wp\/v2\/users\/28"}],"replies":[{"embeddable":true,"href":"https:\/\/blogs.correiobraziliense.com.br\/consumidor\/wp-json\/wp\/v2\/comments?post=2247"}],"version-history":[{"count":2,"href":"https:\/\/blogs.correiobraziliense.com.br\/consumidor\/wp-json\/wp\/v2\/posts\/2247\/revisions"}],"predecessor-version":[{"id":2250,"href":"https:\/\/blogs.correiobraziliense.com.br\/consumidor\/wp-json\/wp\/v2\/posts\/2247\/revisions\/2250"}],"wp:attachment":[{"href":"https:\/\/blogs.correiobraziliense.com.br\/consumidor\/wp-json\/wp\/v2\/media?parent=2247"}],"wp:term":[{"taxonomy":"category","embeddable":true,"href":"https:\/\/blogs.correiobraziliense.com.br\/consumidor\/wp-json\/wp\/v2\/categories?post=2247"},{"taxonomy":"post_tag","embeddable":true,"href":"https:\/\/blogs.correiobraziliense.com.br\/consumidor\/wp-json\/wp\/v2\/tags?post=2247"}],"curies":[{"name":"wp","href":"https:\/\/api.w.org\/{rel}","templated":true}]}}