{"id":2223,"date":"2018-01-10T12:42:07","date_gmt":"2018-01-10T14:42:07","guid":{"rendered":"https:\/\/blogs.correiobraziliense.com.br\/consumidor\/?p=2223"},"modified":"2018-01-10T12:42:07","modified_gmt":"2018-01-10T14:42:07","slug":"cerca-de-160-mil-imoveis-do-df-vao-pagar-aditivo-do-iptu","status":"publish","type":"post","link":"https:\/\/blogs.correiobraziliense.com.br\/consumidor\/cerca-de-160-mil-imoveis-do-df-vao-pagar-aditivo-do-iptu\/","title":{"rendered":"Cerca de 160 mil im\u00f3veis do DF v\u00e3o pagar aditivo do IPTU"},"content":{"rendered":"<h4>Edital dever\u00e1 ser aberto ainda este m\u00eas. Cobran\u00e7a abrange regi\u00f5es como Ceil\u00e2ndia, Taguatinga, Riacho Fundo II e Samambaia<\/h4>\n<figure id=\"attachment_2224\" aria-describedby=\"caption-attachment-2224\" style=\"width: 800px\" class=\"wp-caption aligncenter\"><a href=\"https:\/\/blogs.correiobraziliense.com.br\/consumidor\/wp-content\/uploads\/sites\/11\/2018\/01\/CBPFOT140920170768.jpg\" rel=\"attachment wp-att-2224\"><img loading=\"lazy\" decoding=\"async\" class=\"size-full wp-image-2224\" src=\"https:\/\/blogs.correiobraziliense.com.br\/consumidor\/wp-content\/uploads\/sites\/11\/2018\/01\/CBPFOT140920170768.jpg\" alt=\"Cr\u00e9dito: Ed Alves\/CB\/D.A. Press. Brasil. Bras\u00edlia - DF. Crescimento de Samambaia. Vis\u00e3o a\u00e9rea da cidade.\" width=\"800\" height=\"479\" srcset=\"https:\/\/blogs.correiobraziliense.com.br\/consumidor\/wp-content\/uploads\/sites\/11\/2018\/01\/CBPFOT140920170768.jpg 800w, https:\/\/blogs.correiobraziliense.com.br\/consumidor\/wp-content\/uploads\/sites\/11\/2018\/01\/CBPFOT140920170768-300x180.jpg 300w, https:\/\/blogs.correiobraziliense.com.br\/consumidor\/wp-content\/uploads\/sites\/11\/2018\/01\/CBPFOT140920170768-768x460.jpg 768w, https:\/\/blogs.correiobraziliense.com.br\/consumidor\/wp-content\/uploads\/sites\/11\/2018\/01\/CBPFOT140920170768-350x210.jpg 350w, https:\/\/blogs.correiobraziliense.com.br\/consumidor\/wp-content\/uploads\/sites\/11\/2018\/01\/CBPFOT140920170768-550x329.jpg 550w, https:\/\/blogs.correiobraziliense.com.br\/consumidor\/wp-content\/uploads\/sites\/11\/2018\/01\/CBPFOT140920170768-230x138.jpg 230w\" sizes=\"auto, (max-width: 800px) 100vw, 800px\" \/><\/a><figcaption id=\"caption-attachment-2224\" class=\"wp-caption-text\">Cr\u00e9dito: Ed Alves\/CB\/D.A. Press. Vis\u00e3o a\u00e9rea de Samambaia<\/figcaption><\/figure>\n<p><em><\/p>\n<p>Por Mayara Subtil, especial para o Correio\u00a0<\/em><br \/>\nPropriet\u00e1rios de mais de 160 mil im\u00f3veis pelo Distrito Federal passar\u00e3o a pagar o aditivo do Imposto Predial e Territorial Urbano (IPTU). O complemento \u00e9 referente ao valor pago em 2017. De acordo com o governo, o edital da cobran\u00e7a dever\u00e1 ser aberto ainda este m\u00eas. Por\u00e9m, as cartas com o acr\u00e9scimo j\u00e1 come\u00e7aram a ser encaminhadas para as resid\u00eancias via Correios.<\/p>\n<p>Esse \u00e9 o quarto lote do aditivo do IPTU. Todas as altera\u00e7\u00f5es e medidas, bem como os valores a serem pagos, estar\u00e3o dispon\u00edveis no edital.<\/p>\n<p>Neste lan\u00e7amento, regi\u00f5es como Ceil\u00e2ndia, Taguatinga, Riacho Fundo II e Samambaia se destacam pela quantidade de im\u00f3veis com mudan\u00e7as detectadas pelo GDF. Somados, s\u00e3o mais de 110 mil resid\u00eancias envolvidas. Entretanto, em caso de redu\u00e7\u00e3o da propriedade, o contribuinte pode pedir compensa\u00e7\u00e3o ou redu\u00e7\u00e3o do IPTU nas pr\u00f3ximas parcelas.<\/p>\n<h5>Lotes anteriores<\/h5>\n<p>O primeiro lote do aditivo atingiu parte da regi\u00e3o Norte do Distrito Federal. Ao todo, foram pouco mais de 10 mil im\u00f3veis identificados. O segundo aditivo tamb\u00e9m foi lan\u00e7ado por meio de edital. O complemento ficou dispon\u00edvel em agosto do ano passado. \u00c0 \u00e9poca, foram mais de 61 mil resid\u00eancias. No m\u00eas seguinte, a quantidade ultrapassou 24 mil resid\u00eancias identificadas.<\/p>\n<p>Um mapeamento de Bras\u00edlia de 2016 com fotos a\u00e9reas permitiu que fiscais da Secretaria de Fazenda identificassem im\u00f3veis com modifica\u00e7\u00f5es. Assim como nos lotes anteriores, os contribuintes ter\u00e3o a op\u00e7\u00e3o de escolher pagar o valor total \u2013 o que garante 5% de desconto \u2013 ou subdividir a cobran\u00e7a em at\u00e9 quatro parcelas.<\/p>\n<h5>Reclama\u00e7\u00f5es e d\u00favidas<\/h5>\n<p>Ap\u00f3s a publica\u00e7\u00e3o do edital, o propriet\u00e1rio vai poder reclamar ou questionar os valores lan\u00e7ados. O dono dever\u00e1 contestar em at\u00e9 30 dias, assim que come\u00e7a o prazo para pagamento. A solicita\u00e7\u00e3o deve ser feita diretamente pelo <a href=\"http:\/\/www.fazenda.df.gov.br\/\" target=\"_blank\">site da secretaria<\/a>. Entretanto, quem n\u00e3o conseguir fazer a contesta\u00e7\u00e3o via internet, poder\u00e1 seguir pessoalmente a uma das ag\u00eancias da receita com os documentos pessoais em m\u00e3os.<\/p>\n<p>&nbsp;<\/p>\n","protected":false},"excerpt":{"rendered":"<p>Edital dever\u00e1 ser aberto ainda este m\u00eas. Cobran\u00e7a abrange regi\u00f5es como Ceil\u00e2ndia, Taguatinga, Riacho Fundo II e Samambaia Por Mayara Subtil, especial para o Correio\u00a0 Propriet\u00e1rios de mais de 160 mil im\u00f3veis pelo Distrito Federal passar\u00e3o a pagar o aditivo do Imposto Predial e Territorial Urbano (IPTU). O complemento \u00e9 referente ao valor pago em 2017. De acordo com o [&hellip;]<\/p>\n","protected":false},"author":28,"featured_media":0,"comment_status":"open","ping_status":"closed","sticky":false,"template":"","format":"standard","meta":{"footnotes":""},"categories":[144],"tags":[],"class_list":["post-2223","post","type-post","status-publish","format-standard","hentry","category-consumidor"],"_links":{"self":[{"href":"https:\/\/blogs.correiobraziliense.com.br\/consumidor\/wp-json\/wp\/v2\/posts\/2223","targetHints":{"allow":["GET"]}}],"collection":[{"href":"https:\/\/blogs.correiobraziliense.com.br\/consumidor\/wp-json\/wp\/v2\/posts"}],"about":[{"href":"https:\/\/blogs.correiobraziliense.com.br\/consumidor\/wp-json\/wp\/v2\/types\/post"}],"author":[{"embeddable":true,"href":"https:\/\/blogs.correiobraziliense.com.br\/consumidor\/wp-json\/wp\/v2\/users\/28"}],"replies":[{"embeddable":true,"href":"https:\/\/blogs.correiobraziliense.com.br\/consumidor\/wp-json\/wp\/v2\/comments?post=2223"}],"version-history":[{"count":1,"href":"https:\/\/blogs.correiobraziliense.com.br\/consumidor\/wp-json\/wp\/v2\/posts\/2223\/revisions"}],"predecessor-version":[{"id":2225,"href":"https:\/\/blogs.correiobraziliense.com.br\/consumidor\/wp-json\/wp\/v2\/posts\/2223\/revisions\/2225"}],"wp:attachment":[{"href":"https:\/\/blogs.correiobraziliense.com.br\/consumidor\/wp-json\/wp\/v2\/media?parent=2223"}],"wp:term":[{"taxonomy":"category","embeddable":true,"href":"https:\/\/blogs.correiobraziliense.com.br\/consumidor\/wp-json\/wp\/v2\/categories?post=2223"},{"taxonomy":"post_tag","embeddable":true,"href":"https:\/\/blogs.correiobraziliense.com.br\/consumidor\/wp-json\/wp\/v2\/tags?post=2223"}],"curies":[{"name":"wp","href":"https:\/\/api.w.org\/{rel}","templated":true}]}}