{"id":2218,"date":"2018-01-05T12:30:56","date_gmt":"2018-01-05T14:30:56","guid":{"rendered":"https:\/\/blogs.correiobraziliense.com.br\/consumidor\/?p=2218"},"modified":"2018-01-05T12:30:56","modified_gmt":"2018-01-05T14:30:56","slug":"nota-legal-para-saude-entra-em-vigor","status":"publish","type":"post","link":"https:\/\/blogs.correiobraziliense.com.br\/consumidor\/nota-legal-para-saude-entra-em-vigor\/","title":{"rendered":"Nota Legal para medicamentos entra em vigor"},"content":{"rendered":"<p><em>Por Lucas Vidigal, especial para o Correio<\/p>\n<p><\/em><\/p>\n<p><a href=\"https:\/\/blogs.correiobraziliense.com.br\/consumidor\/wp-content\/uploads\/sites\/11\/2017\/02\/CBPFOT090120141978.jpg\" rel=\"attachment wp-att-1734\"><img loading=\"lazy\" decoding=\"async\" class=\"size-full wp-image-1734\" src=\"https:\/\/blogs.correiobraziliense.com.br\/consumidor\/wp-content\/uploads\/sites\/11\/2017\/02\/CBPFOT090120141978.jpg\" alt=\"Cr\u00e9dito: Ant\u00f4nio Cunha\/Esp. CB\/D.A Press.\" width=\"800\" height=\"531\" srcset=\"https:\/\/blogs.correiobraziliense.com.br\/consumidor\/wp-content\/uploads\/sites\/11\/2017\/02\/CBPFOT090120141978.jpg 800w, https:\/\/blogs.correiobraziliense.com.br\/consumidor\/wp-content\/uploads\/sites\/11\/2017\/02\/CBPFOT090120141978-300x199.jpg 300w, https:\/\/blogs.correiobraziliense.com.br\/consumidor\/wp-content\/uploads\/sites\/11\/2017\/02\/CBPFOT090120141978-768x510.jpg 768w, https:\/\/blogs.correiobraziliense.com.br\/consumidor\/wp-content\/uploads\/sites\/11\/2017\/02\/CBPFOT090120141978-350x232.jpg 350w, https:\/\/blogs.correiobraziliense.com.br\/consumidor\/wp-content\/uploads\/sites\/11\/2017\/02\/CBPFOT090120141978-550x365.jpg 550w, https:\/\/blogs.correiobraziliense.com.br\/consumidor\/wp-content\/uploads\/sites\/11\/2017\/02\/CBPFOT090120141978-230x153.jpg 230w\" sizes=\"auto, (max-width: 800px) 100vw, 800px\" \/><\/a><\/p>\n<p>A inclus\u00e3o de medicamentos no sistema de restitui\u00e7\u00e3o de impostos, por meio do programa Nota Sa\u00fade Legal, pouco alterou a rotina das drogarias do Distrito Federal. A nova modalidade vale desde segunda-feira, 1\u00b0 de janeiro, mas funcion\u00e1rios das farm\u00e1cias ouvidas pelo Correio disseram que a maioria dos clientes tinha o costume de incluir o CPF nas notas fiscais. Eles explicaram que os estabelecimentos vendiam outros produtos, al\u00e9m dos rem\u00e9dios. Por isso, era de praxe perguntar e anotar, mesmo que n\u00e3o surtisse efeito pr\u00e1tico, o CPF no documento fiscal.<\/p>\n<p>Inclusive, poucos funcion\u00e1rios e clientes abordados pela reportagem sabiam que podem, agora, ter ressarcidos at\u00e9 7,5% dos valores gastos com medicamentos. No entanto, quem gasta muito com esse tipo de produto comemorou a vig\u00eancia da nova medida. A aposentada Nara Fontes, 59 anos, desembolsa mais de R$ 1 mil por m\u00eas com rem\u00e9dios. \u201cTodo ano, resgato e consigo abater, pelo menos, 50% do IPVA do meu carro\u201d, afirma a moradora da Asa Sul.<\/p>\n<p>O Nota Sa\u00fade Legal n\u00e3o entra na indica\u00e7\u00e3o do Nota Legal iniciada ontem, mas a Sefaz espera incluir o primeiro programa na fase de restitui\u00e7\u00e3o prevista para junho, quando o valor \u00e9 depositado diretamente na conta do contribuinte.<\/p>\n","protected":false},"excerpt":{"rendered":"<p>Por Lucas Vidigal, especial para o Correio A inclus\u00e3o de medicamentos no sistema de restitui\u00e7\u00e3o de impostos, por meio do programa Nota Sa\u00fade Legal, pouco alterou a rotina das drogarias do Distrito Federal. A nova modalidade vale desde segunda-feira, 1\u00b0 de janeiro, mas funcion\u00e1rios das farm\u00e1cias ouvidas pelo Correio disseram que a maioria dos clientes tinha o costume de incluir [&hellip;]<\/p>\n","protected":false},"author":28,"featured_media":0,"comment_status":"open","ping_status":"closed","sticky":false,"template":"","format":"standard","meta":{"footnotes":""},"categories":[144],"tags":[420,29,421],"class_list":["post-2218","post","type-post","status-publish","format-standard","hentry","category-consumidor","tag-medicamento","tag-nota-legal","tag-vigor"],"_links":{"self":[{"href":"https:\/\/blogs.correiobraziliense.com.br\/consumidor\/wp-json\/wp\/v2\/posts\/2218","targetHints":{"allow":["GET"]}}],"collection":[{"href":"https:\/\/blogs.correiobraziliense.com.br\/consumidor\/wp-json\/wp\/v2\/posts"}],"about":[{"href":"https:\/\/blogs.correiobraziliense.com.br\/consumidor\/wp-json\/wp\/v2\/types\/post"}],"author":[{"embeddable":true,"href":"https:\/\/blogs.correiobraziliense.com.br\/consumidor\/wp-json\/wp\/v2\/users\/28"}],"replies":[{"embeddable":true,"href":"https:\/\/blogs.correiobraziliense.com.br\/consumidor\/wp-json\/wp\/v2\/comments?post=2218"}],"version-history":[{"count":1,"href":"https:\/\/blogs.correiobraziliense.com.br\/consumidor\/wp-json\/wp\/v2\/posts\/2218\/revisions"}],"predecessor-version":[{"id":2219,"href":"https:\/\/blogs.correiobraziliense.com.br\/consumidor\/wp-json\/wp\/v2\/posts\/2218\/revisions\/2219"}],"wp:attachment":[{"href":"https:\/\/blogs.correiobraziliense.com.br\/consumidor\/wp-json\/wp\/v2\/media?parent=2218"}],"wp:term":[{"taxonomy":"category","embeddable":true,"href":"https:\/\/blogs.correiobraziliense.com.br\/consumidor\/wp-json\/wp\/v2\/categories?post=2218"},{"taxonomy":"post_tag","embeddable":true,"href":"https:\/\/blogs.correiobraziliense.com.br\/consumidor\/wp-json\/wp\/v2\/tags?post=2218"}],"curies":[{"name":"wp","href":"https:\/\/api.w.org\/{rel}","templated":true}]}}