{"id":2207,"date":"2017-12-26T11:00:09","date_gmt":"2017-12-26T13:00:09","guid":{"rendered":"https:\/\/blogs.correiobraziliense.com.br\/consumidor\/?p=2207"},"modified":"2017-12-26T11:00:09","modified_gmt":"2017-12-26T13:00:09","slug":"vendas-de-natal-aumentam-mas-consumidor-gasta-menos-do-que-o-comercio-esperava","status":"publish","type":"post","link":"https:\/\/blogs.correiobraziliense.com.br\/consumidor\/vendas-de-natal-aumentam-mas-consumidor-gasta-menos-do-que-o-comercio-esperava\/","title":{"rendered":"Vendas de Natal aumentam, mas consumidor gasta menos do que o com\u00e9rcio esperava"},"content":{"rendered":"<h4>Com\u00e9rcio abre at\u00e9 o dia 31 de janeiro. Na v\u00e9spera do ano-novo, as lojas funcionam at\u00e9 \u00e0s 15h. No dia 1\u00ba de janeiro n\u00e3o haver\u00e1 expediente<\/p>\n<p><a href=\"https:\/\/blogs.correiobraziliense.com.br\/consumidor\/wp-content\/uploads\/sites\/11\/2017\/12\/CBPFOT231220171636.jpg\" rel=\"attachment wp-att-2208\"><img loading=\"lazy\" decoding=\"async\" class=\" wp-image-2208 aligncenter\" src=\"https:\/\/blogs.correiobraziliense.com.br\/consumidor\/wp-content\/uploads\/sites\/11\/2017\/12\/CBPFOT231220171636.jpg\" alt=\"CBPFOT231220171636\" width=\"776\" height=\"517\" srcset=\"https:\/\/blogs.correiobraziliense.com.br\/consumidor\/wp-content\/uploads\/sites\/11\/2017\/12\/CBPFOT231220171636.jpg 800w, https:\/\/blogs.correiobraziliense.com.br\/consumidor\/wp-content\/uploads\/sites\/11\/2017\/12\/CBPFOT231220171636-300x200.jpg 300w, https:\/\/blogs.correiobraziliense.com.br\/consumidor\/wp-content\/uploads\/sites\/11\/2017\/12\/CBPFOT231220171636-768x512.jpg 768w, https:\/\/blogs.correiobraziliense.com.br\/consumidor\/wp-content\/uploads\/sites\/11\/2017\/12\/CBPFOT231220171636-350x233.jpg 350w, https:\/\/blogs.correiobraziliense.com.br\/consumidor\/wp-content\/uploads\/sites\/11\/2017\/12\/CBPFOT231220171636-550x366.jpg 550w, https:\/\/blogs.correiobraziliense.com.br\/consumidor\/wp-content\/uploads\/sites\/11\/2017\/12\/CBPFOT231220171636-230x153.jpg 230w\" sizes=\"auto, (max-width: 776px) 100vw, 776px\" \/><\/a><\/h4>\n<p>O faturamento do com\u00e9rcio cresceu 5,5% neste Natal em rela\u00e7\u00e3o ao ano passado, segundo levantamento feito pelo Sindicato do Com\u00e9rcio Varejista do Distrito Federal. Em 2016, o incremento foi de 2,5%. No entanto, o gasto m\u00e9dio esperado pelos lojistas era de R$ 220, mas o cliente acabou deixando um pouco menos nas lojas &#8211; uma m\u00e9dia de R$ 217.<\/p>\n<p>Os cart\u00f5es de cr\u00e9dito e d\u00e9bito continuam liderando as formas de pagamento com 96% da prefer\u00eancia. Entre os presentes, roupas, cal\u00e7ados, brinquedos e objetos para o lar foram os itens mais procurados pelos consumidores. Embora n\u00e3o esteja entre os itens mais comprados, o segmento de televisores teve destaque e registrou crescimento de 7% nas vendas.<\/p>\n<p>Na an\u00e1lise do Sindivarejista, a alta nas vendas deve-se \u00e0 entrada de R$ 7,5 bilh\u00f5es na economia por conta do 13\u00ba sal\u00e1rio. Segundo o Departamento Intersindical de Estat\u00edstica e Estudos Socioecon\u00f4micos\u00a0(Dieese), a m\u00e9dia de valor recebida pelo trabalhador do Distrito Federal foi a mais alta do pa\u00eds &#8211;\u00a0 R$ 4.230 &#8211; beneficiando 1,6 milh\u00e3o de ativos e inativos.<\/p>\n<p>&nbsp;<\/p>\n<h5>Black Friday<\/h5>\n<p>De acordo com o sindicato, o \u00edndice de vendas poderia ter sido mais alto se n\u00e3o houvesse a Black Friday em novembro. Na an\u00e1lise da entidade, muitos consumidores aproveitaram a mega promo\u00e7\u00e3o e adiantaram as compras natalinas. \u00a0O <a href=\"http:\/\/www.correiobraziliense.com.br\/app\/noticia\/cidades\/2017\/11\/30\/interna_cidadesdf,644437\/apesar-da-crise-presidente-do-sindivarejista-espera-melhora-no-comerc.shtml\" target=\"_blank\">Sindivarejista DF e outras institui\u00e7\u00f5es representativas de com\u00e9rcio tentam mudar a data da Black Friday no Brasil <\/a>para n\u00e3o atrapalhar as vendas de fim de ano, principal data para o faturamento do setor.<\/p>\n<p><strong>Funcionamento ano-novo<\/strong><\/p>\n<p>As lojas de rua e de shopping centers v\u00e3o abrir at\u00e9 o dia 31 de dezembro. Neste \u00faltimo dia, o funcionamento ser\u00e1 at\u00e9 \u00e0s 15h. Nos demais dias, o hor\u00e1rio de funcionamento ser\u00e1 normal. No dia 1\u00ba de janeiro todo o com\u00e9rcio fecha as portas. O com\u00e9rcio reabre no dia 2.<\/p>\n<p>&nbsp;<\/p>\n<p>&nbsp;<\/p>\n<p>&nbsp;<\/p>\n<p>&nbsp;<\/p>\n<p>&nbsp;<\/p>\n<p>&nbsp;<\/p>\n<p>&nbsp;<\/p>\n","protected":false},"excerpt":{"rendered":"<p>Com\u00e9rcio abre at\u00e9 o dia 31 de janeiro. Na v\u00e9spera do ano-novo, as lojas funcionam at\u00e9 \u00e0s 15h. No dia 1\u00ba de janeiro n\u00e3o haver\u00e1 expediente O faturamento do com\u00e9rcio cresceu 5,5% neste Natal em rela\u00e7\u00e3o ao ano passado, segundo levantamento feito pelo Sindicato do Com\u00e9rcio Varejista do Distrito Federal. Em 2016, o incremento foi de 2,5%. No entanto, o [&hellip;]<\/p>\n","protected":false},"author":28,"featured_media":0,"comment_status":"open","ping_status":"closed","sticky":false,"template":"","format":"standard","meta":{"footnotes":""},"categories":[144],"tags":[415,5,416,3],"class_list":["post-2207","post","type-post","status-publish","format-standard","hentry","category-consumidor","tag-ano-novo","tag-comercio","tag-funcionamento","tag-natal"],"_links":{"self":[{"href":"https:\/\/blogs.correiobraziliense.com.br\/consumidor\/wp-json\/wp\/v2\/posts\/2207","targetHints":{"allow":["GET"]}}],"collection":[{"href":"https:\/\/blogs.correiobraziliense.com.br\/consumidor\/wp-json\/wp\/v2\/posts"}],"about":[{"href":"https:\/\/blogs.correiobraziliense.com.br\/consumidor\/wp-json\/wp\/v2\/types\/post"}],"author":[{"embeddable":true,"href":"https:\/\/blogs.correiobraziliense.com.br\/consumidor\/wp-json\/wp\/v2\/users\/28"}],"replies":[{"embeddable":true,"href":"https:\/\/blogs.correiobraziliense.com.br\/consumidor\/wp-json\/wp\/v2\/comments?post=2207"}],"version-history":[{"count":1,"href":"https:\/\/blogs.correiobraziliense.com.br\/consumidor\/wp-json\/wp\/v2\/posts\/2207\/revisions"}],"predecessor-version":[{"id":2209,"href":"https:\/\/blogs.correiobraziliense.com.br\/consumidor\/wp-json\/wp\/v2\/posts\/2207\/revisions\/2209"}],"wp:attachment":[{"href":"https:\/\/blogs.correiobraziliense.com.br\/consumidor\/wp-json\/wp\/v2\/media?parent=2207"}],"wp:term":[{"taxonomy":"category","embeddable":true,"href":"https:\/\/blogs.correiobraziliense.com.br\/consumidor\/wp-json\/wp\/v2\/categories?post=2207"},{"taxonomy":"post_tag","embeddable":true,"href":"https:\/\/blogs.correiobraziliense.com.br\/consumidor\/wp-json\/wp\/v2\/tags?post=2207"}],"curies":[{"name":"wp","href":"https:\/\/api.w.org\/{rel}","templated":true}]}}