{"id":2168,"date":"2017-12-04T17:05:06","date_gmt":"2017-12-04T19:05:06","guid":{"rendered":"https:\/\/blogs.correiobraziliense.com.br\/consumidor\/?p=2168"},"modified":"2017-12-04T17:08:21","modified_gmt":"2017-12-04T19:08:21","slug":"petrobras-anuncia-9o-reajuste-no-gas-de-cozinha-alta-chega-a-8431","status":"publish","type":"post","link":"https:\/\/blogs.correiobraziliense.com.br\/consumidor\/petrobras-anuncia-9o-reajuste-no-gas-de-cozinha-alta-chega-a-8431\/","title":{"rendered":"Petrobras anuncia 9\u00ba reajuste no g\u00e1s de cozinha; alta chega a 84,31%"},"content":{"rendered":"<p style=\"text-align: left\"><a href=\"https:\/\/blogs.correiobraziliense.com.br\/consumidor\/wp-content\/uploads\/sites\/11\/2016\/11\/CBPFOT300820160398.jpg\" rel=\"attachment wp-att-1529\"><img loading=\"lazy\" decoding=\"async\" class=\"alignnone size-full wp-image-1529 aligncenter\" src=\"https:\/\/blogs.correiobraziliense.com.br\/consumidor\/wp-content\/uploads\/sites\/11\/2016\/11\/CBPFOT300820160398.jpg\" alt=\"\" width=\"800\" height=\"531\" srcset=\"https:\/\/blogs.correiobraziliense.com.br\/consumidor\/wp-content\/uploads\/sites\/11\/2016\/11\/CBPFOT300820160398.jpg 800w, https:\/\/blogs.correiobraziliense.com.br\/consumidor\/wp-content\/uploads\/sites\/11\/2016\/11\/CBPFOT300820160398-300x199.jpg 300w, https:\/\/blogs.correiobraziliense.com.br\/consumidor\/wp-content\/uploads\/sites\/11\/2016\/11\/CBPFOT300820160398-768x510.jpg 768w, https:\/\/blogs.correiobraziliense.com.br\/consumidor\/wp-content\/uploads\/sites\/11\/2016\/11\/CBPFOT300820160398-350x232.jpg 350w, https:\/\/blogs.correiobraziliense.com.br\/consumidor\/wp-content\/uploads\/sites\/11\/2016\/11\/CBPFOT300820160398-550x365.jpg 550w, https:\/\/blogs.correiobraziliense.com.br\/consumidor\/wp-content\/uploads\/sites\/11\/2016\/11\/CBPFOT300820160398-230x153.jpg 230w\" sizes=\"auto, (max-width: 800px) 100vw, 800px\" \/><\/a><\/p>\n<p>&nbsp;<\/p>\n<p>A Petrobras anunciou o nono reajuste no pre\u00e7o do g\u00e1s de cozinha este ano. A partir desta ter\u00e7a-feira (5\/12), o produto sobe 8,9%. Desde que a companhia mudou a pol\u00edtica de pre\u00e7os, j\u00e1 foram nove altera\u00e7\u00f5es, totalizando 84,31% de alta da venda do produto \u00e0s revendedoras de g\u00e1s.<\/p>\n<p>De acordo com a estatal, o\u00a0ajuste anunciado foi aplicado sobre os pre\u00e7os praticados sem incid\u00eancia de tributos. Se for integralmente repassado aos pre\u00e7os ao consumidor, a companhia estima que o pre\u00e7o do botij\u00e3o pode ser reajustado para o consumidor, em m\u00e9dia, em 4% ou cerca de R$ 2,53 por botij\u00e3o, isso se forem mantidas as margens de distribui\u00e7\u00e3o e de revenda e as al\u00edquotas de tributos. O \u00faltimo reajuste ocorreu em 05 de novembro de 2017. \u00a0A empresa alega que a altera\u00e7\u00e3o\u00a0foi causada principalmente pela alta das cota\u00e7\u00f5es do produto nos mercados internacionais.<\/p>\n<p><a href=\"http:\/\/www.correiobraziliense.com.br\/cidades---df\/\" target=\"_blank\">Leia \u00faltimas not\u00edcias no Distrito Federal<\/a><\/p>\n<p>Sobre o repasse ao consumidor, a companhia informou que:\u00a0&#8220;como a lei brasileira garante liberdade de pre\u00e7os no mercado de combust\u00edveis e derivados, as revis\u00f5es feitas nas refinarias podem ou n\u00e3o se refletir no pre\u00e7o final ao consumidor. Isso depender\u00e1 de repasses feitos especialmente por distribuidoras e revendedores.&#8221;<\/p>\n<p><strong>Mudan\u00e7a na pol\u00edtica de pre\u00e7os<br \/>\n<\/strong><\/p>\n<p>Desde junho, a Petrobras passou a corrigir mensalmente o valor do G\u00e1s Liquefeito de Petr\u00f3leo, o GLP-P13, conhecido como g\u00e1s de cozinha ou dom\u00e9stico todo dia 5 do m\u00eas. O pre\u00e7o final passou a levar em conta as cota\u00e7\u00f5es no mercado internacional. At\u00e9 maio de 2017, a estatal adotava uma pol\u00edtica que evitava o repasse da volatilidade do c\u00e2mbio e das cota\u00e7\u00f5es internacionais no mercado interno. Por isso, geralmente, fazia-se uma corre\u00e7\u00e3o anual. Na ocasi\u00e3o do an\u00fancio da flutua\u00e7\u00e3o, o presidente da companhia, Pedro Parente, ressaltou que o g\u00e1s n\u00e3o tinha uma pol\u00edtica de comercializa\u00e7\u00e3o definida e que, com a altera\u00e7\u00e3o, a Petrobras completava \u201co ciclo de defini\u00e7\u00e3o de pol\u00edticas para os produtos da companhia\u201d.<\/p>\n<p><strong>Reajustes em 2017:<\/strong><\/p>\n<p>21 de mar\u00e7o: 9,8%<\/p>\n<p>7 de junho: 6,7%<\/p>\n<p>4 de julho: -4,5%<\/p>\n<p>5 de agosto: 6,9%<\/p>\n<p>6 de setembro: 12,2%<\/p>\n<p>26 de setembro: 6,9%<\/p>\n<p>11 de outubro: 12,9%<\/p>\n<p>3 de novembro: 4,5%<\/p>\n<p>5 de dezembro: 8,9%<\/p>\n<p>&nbsp;<\/p>\n","protected":false},"excerpt":{"rendered":"<p>&nbsp; A Petrobras anunciou o nono reajuste no pre\u00e7o do g\u00e1s de cozinha este ano. A partir desta ter\u00e7a-feira (5\/12), o produto sobe 8,9%. Desde que a companhia mudou a pol\u00edtica de pre\u00e7os, j\u00e1 foram nove altera\u00e7\u00f5es, totalizando 84,31% de alta da venda do produto \u00e0s revendedoras de g\u00e1s. De acordo com a estatal, o\u00a0ajuste anunciado foi aplicado sobre os [&hellip;]<\/p>\n","protected":false},"author":28,"featured_media":0,"comment_status":"open","ping_status":"closed","sticky":false,"template":"","format":"standard","meta":{"footnotes":""},"categories":[144],"tags":[],"class_list":["post-2168","post","type-post","status-publish","format-standard","hentry","category-consumidor"],"_links":{"self":[{"href":"https:\/\/blogs.correiobraziliense.com.br\/consumidor\/wp-json\/wp\/v2\/posts\/2168","targetHints":{"allow":["GET"]}}],"collection":[{"href":"https:\/\/blogs.correiobraziliense.com.br\/consumidor\/wp-json\/wp\/v2\/posts"}],"about":[{"href":"https:\/\/blogs.correiobraziliense.com.br\/consumidor\/wp-json\/wp\/v2\/types\/post"}],"author":[{"embeddable":true,"href":"https:\/\/blogs.correiobraziliense.com.br\/consumidor\/wp-json\/wp\/v2\/users\/28"}],"replies":[{"embeddable":true,"href":"https:\/\/blogs.correiobraziliense.com.br\/consumidor\/wp-json\/wp\/v2\/comments?post=2168"}],"version-history":[{"count":3,"href":"https:\/\/blogs.correiobraziliense.com.br\/consumidor\/wp-json\/wp\/v2\/posts\/2168\/revisions"}],"predecessor-version":[{"id":2171,"href":"https:\/\/blogs.correiobraziliense.com.br\/consumidor\/wp-json\/wp\/v2\/posts\/2168\/revisions\/2171"}],"wp:attachment":[{"href":"https:\/\/blogs.correiobraziliense.com.br\/consumidor\/wp-json\/wp\/v2\/media?parent=2168"}],"wp:term":[{"taxonomy":"category","embeddable":true,"href":"https:\/\/blogs.correiobraziliense.com.br\/consumidor\/wp-json\/wp\/v2\/categories?post=2168"},{"taxonomy":"post_tag","embeddable":true,"href":"https:\/\/blogs.correiobraziliense.com.br\/consumidor\/wp-json\/wp\/v2\/tags?post=2168"}],"curies":[{"name":"wp","href":"https:\/\/api.w.org\/{rel}","templated":true}]}}