{"id":2161,"date":"2017-12-04T16:15:55","date_gmt":"2017-12-04T18:15:55","guid":{"rendered":"https:\/\/blogs.correiobraziliense.com.br\/consumidor\/?p=2161"},"modified":"2017-12-04T17:18:06","modified_gmt":"2017-12-04T19:18:06","slug":"deputado-entra-com-representacao-no-cade-contra-precos-dos-combustiveis-no-df","status":"publish","type":"post","link":"https:\/\/blogs.correiobraziliense.com.br\/consumidor\/deputado-entra-com-representacao-no-cade-contra-precos-dos-combustiveis-no-df\/","title":{"rendered":"Deputado entra com representa\u00e7\u00e3o no Cade contra pre\u00e7os dos combust\u00edveis no DF"},"content":{"rendered":"<h4>O documento acusa os postos de combust\u00edveis de aproveitarem a nova pol\u00edtica de pre\u00e7os da estatal petroleira para voltar a pr\u00e1tica de cartel<\/h4>\n<p><a href=\"https:\/\/blogs.correiobraziliense.com.br\/consumidor\/wp-content\/uploads\/sites\/11\/2016\/03\/CBPFOT161120110504.jpg\" rel=\"attachment wp-att-955\"><img loading=\"lazy\" decoding=\"async\" class=\"size-full wp-image-955\" src=\"https:\/\/blogs.correiobraziliense.com.br\/consumidor\/wp-content\/uploads\/sites\/11\/2016\/03\/CBPFOT161120110504.jpg\" alt=\"Cr\u00e9dito: Daniel Ferreira\/CB\/D.A Press. \" width=\"800\" height=\"531\" srcset=\"https:\/\/blogs.correiobraziliense.com.br\/consumidor\/wp-content\/uploads\/sites\/11\/2016\/03\/CBPFOT161120110504.jpg 800w, https:\/\/blogs.correiobraziliense.com.br\/consumidor\/wp-content\/uploads\/sites\/11\/2016\/03\/CBPFOT161120110504-300x199.jpg 300w, https:\/\/blogs.correiobraziliense.com.br\/consumidor\/wp-content\/uploads\/sites\/11\/2016\/03\/CBPFOT161120110504-768x510.jpg 768w, https:\/\/blogs.correiobraziliense.com.br\/consumidor\/wp-content\/uploads\/sites\/11\/2016\/03\/CBPFOT161120110504-550x365.jpg 550w, https:\/\/blogs.correiobraziliense.com.br\/consumidor\/wp-content\/uploads\/sites\/11\/2016\/03\/CBPFOT161120110504-230x153.jpg 230w\" sizes=\"auto, (max-width: 800px) 100vw, 800px\" \/><\/a><\/p>\n<p><em>Por Fl\u00e1via Maia e Bruno Lima, especial para o Correio<\/em><\/p>\n<p>O deputado Chico Vigilante (PT) entrou com uma representa\u00e7\u00e3o no Conselho Administrativo de Defesa Econ\u00f4mica (Cade) contra os pre\u00e7os dos combust\u00edveis no Distrito Federal. De acordo com o documento, o valor por litro vem aumentando de maneira abusiva na capital e prejudicando os motoristas. &#8220;Do in\u00edcio do ano para c\u00e1, est\u00e1 perto de 50% o aumento para o consumidor, justificado quase sempre nos aumentos quase di\u00e1rios da atual gest\u00e3o da Petrobr\u00e1s para suas refinarias&#8221;, diz o texto.<\/p>\n<p><a href=\"http:\/\/www.correiobraziliense.com.br\/cidades---df\/\" target=\"_blank\">Leia as \u00faltimas not\u00edcias do Distrito Federal<\/a><\/p>\n<p>O documento acusa os postos de combust\u00edveis de aproveitarem a nova pol\u00edtica de pre\u00e7os da estatal petroleira para voltar a pr\u00e1tica de cartel. &#8220;Parece claro que a carteliza\u00e7\u00e3o dos postos de combust\u00edveis voltou no Distrito Federal, o que imp\u00f5e nova e mais dura atua\u00e7\u00e3o do cade, com o prop\u00f3sito de coibir essas pr\u00e1ticas abusivas&#8221;.<\/p>\n<p>A representa\u00e7\u00e3o foi entregue pelo distrital nesta segunda-feira (4\/12) durante uma reuni\u00e3o com o superintendente-geral do Cade, Alexandre Cordeiro Macedo.<\/p>\n<p>&#8220;Esses pre\u00e7os est\u00e3o abusivos. N\u00e3o faz sentido um posto em Taguatinga vender a gasolina a R$ 3,82 e a maior parte dos postos colocar o pre\u00e7o a R$ 4,50. O Cade me informou que continua fazendo o monitoramento dos postos e que as t\u00eam a a\u00e7\u00f5es em andamento. O que n\u00e3o pode \u00e9 continuar essa pratica abusiva em cima do consumidor&#8221;, afirma Chico Vigilante.<\/p>\n<p>&nbsp;<\/p>\n","protected":false},"excerpt":{"rendered":"<p>O documento acusa os postos de combust\u00edveis de aproveitarem a nova pol\u00edtica de pre\u00e7os da estatal petroleira para voltar a pr\u00e1tica de cartel Por Fl\u00e1via Maia e Bruno Lima, especial para o Correio O deputado Chico Vigilante (PT) entrou com uma representa\u00e7\u00e3o no Conselho Administrativo de Defesa Econ\u00f4mica (Cade) contra os pre\u00e7os dos combust\u00edveis no Distrito Federal. De acordo com [&hellip;]<\/p>\n","protected":false},"author":28,"featured_media":0,"comment_status":"open","ping_status":"closed","sticky":false,"template":"","format":"standard","meta":{"footnotes":""},"categories":[144],"tags":[49,398,82],"class_list":["post-2161","post","type-post","status-publish","format-standard","hentry","category-consumidor","tag-cartel","tag-combustivel","tag-df"],"_links":{"self":[{"href":"https:\/\/blogs.correiobraziliense.com.br\/consumidor\/wp-json\/wp\/v2\/posts\/2161","targetHints":{"allow":["GET"]}}],"collection":[{"href":"https:\/\/blogs.correiobraziliense.com.br\/consumidor\/wp-json\/wp\/v2\/posts"}],"about":[{"href":"https:\/\/blogs.correiobraziliense.com.br\/consumidor\/wp-json\/wp\/v2\/types\/post"}],"author":[{"embeddable":true,"href":"https:\/\/blogs.correiobraziliense.com.br\/consumidor\/wp-json\/wp\/v2\/users\/28"}],"replies":[{"embeddable":true,"href":"https:\/\/blogs.correiobraziliense.com.br\/consumidor\/wp-json\/wp\/v2\/comments?post=2161"}],"version-history":[{"count":4,"href":"https:\/\/blogs.correiobraziliense.com.br\/consumidor\/wp-json\/wp\/v2\/posts\/2161\/revisions"}],"predecessor-version":[{"id":2174,"href":"https:\/\/blogs.correiobraziliense.com.br\/consumidor\/wp-json\/wp\/v2\/posts\/2161\/revisions\/2174"}],"wp:attachment":[{"href":"https:\/\/blogs.correiobraziliense.com.br\/consumidor\/wp-json\/wp\/v2\/media?parent=2161"}],"wp:term":[{"taxonomy":"category","embeddable":true,"href":"https:\/\/blogs.correiobraziliense.com.br\/consumidor\/wp-json\/wp\/v2\/categories?post=2161"},{"taxonomy":"post_tag","embeddable":true,"href":"https:\/\/blogs.correiobraziliense.com.br\/consumidor\/wp-json\/wp\/v2\/tags?post=2161"}],"curies":[{"name":"wp","href":"https:\/\/api.w.org\/{rel}","templated":true}]}}