{"id":2141,"date":"2017-11-29T13:00:04","date_gmt":"2017-11-29T15:00:04","guid":{"rendered":"https:\/\/blogs.correiobraziliense.com.br\/consumidor\/?p=2141"},"modified":"2017-11-28T19:02:38","modified_gmt":"2017-11-28T21:02:38","slug":"morador-de-taguatinga-lamenta-cobranca-indevida-da-net","status":"publish","type":"post","link":"https:\/\/blogs.correiobraziliense.com.br\/consumidor\/morador-de-taguatinga-lamenta-cobranca-indevida-da-net\/","title":{"rendered":"Morador de Taguatinga lamenta cobran\u00e7a indevida da NET"},"content":{"rendered":"<p>&nbsp;<\/p>\n<p>O morador de Taguatinga Gustavo Lopes, 30 anos, reclamou de uma cobran\u00e7a indevida feita pela empresa NET. De acordo com Gustavo, em maio deste ano, a conta dele foi cancelada e a empresa fez a retirada dos equipamentos. \u201cEles me enviaram um boleto, e eu paguei, mas, cerca de tr\u00eas meses depois, me ligaram e disseram que eu ainda estava devendo um valor alto, devido \u00e0 mensalidade em atraso. Eles enviam mensagem quase todo dia falando para eu negociar, mas eu tenho a fatura paga. Espero que isso seja resolvido e n\u00e3o me d\u00ea mais dor de cabe\u00e7a\u201d, declara o leitor.<\/p>\n<p><strong>Resposta da empresa<\/strong><\/p>\n<p>A NET informou que, em contato com o cliente, esclareceu as d\u00favidas. A operadora acrescentou que permanece \u00e0 disposi\u00e7\u00e3o para quaisquer esclarecimentos.<\/p>\n<p><strong>Coment\u00e1rio do consumidor<\/strong><\/p>\n<p>&#8220;A empresa continua fazendo a cobran\u00e7a, o que \u00e9 injusto, porque querem o pagamento de um valor posterior ao meu cancelamento. N\u00e3o estou satisfeito com a resposta, por isso vou procurar o Procon-DF.&#8221;<\/p>\n<p><strong>Problemas com a empresa? Denuncie.<br \/>\n<a href=\"https:\/\/blogs.correiobraziliense.com.br\/consumidor\/wp-content\/uploads\/sites\/11\/2016\/11\/Celular.jpg\" rel=\"attachment wp-att-1613\"><img loading=\"lazy\" decoding=\"async\" class=\"alignnone size-full wp-image-1613\" src=\"https:\/\/blogs.correiobraziliense.com.br\/consumidor\/wp-content\/uploads\/sites\/11\/2016\/11\/Celular.jpg\" alt=\"Celular\" width=\"360\" height=\"134\" srcset=\"https:\/\/blogs.correiobraziliense.com.br\/consumidor\/wp-content\/uploads\/sites\/11\/2016\/11\/Celular.jpg 360w, https:\/\/blogs.correiobraziliense.com.br\/consumidor\/wp-content\/uploads\/sites\/11\/2016\/11\/Celular-300x112.jpg 300w, https:\/\/blogs.correiobraziliense.com.br\/consumidor\/wp-content\/uploads\/sites\/11\/2016\/11\/Celular-350x130.jpg 350w, https:\/\/blogs.correiobraziliense.com.br\/consumidor\/wp-content\/uploads\/sites\/11\/2016\/11\/Celular-230x86.jpg 230w\" sizes=\"auto, (max-width: 360px) 100vw, 360px\" \/><\/a><br \/>\n<\/strong><\/p>\n","protected":false},"excerpt":{"rendered":"<p>&nbsp; O morador de Taguatinga Gustavo Lopes, 30 anos, reclamou de uma cobran\u00e7a indevida feita pela empresa NET. De acordo com Gustavo, em maio deste ano, a conta dele foi cancelada e a empresa fez a retirada dos equipamentos. \u201cEles me enviaram um boleto, e eu paguei, mas, cerca de tr\u00eas meses depois, me ligaram e disseram que eu ainda [&hellip;]<\/p>\n","protected":false},"author":28,"featured_media":0,"comment_status":"open","ping_status":"closed","sticky":false,"template":"","format":"standard","meta":{"footnotes":""},"categories":[144],"tags":[],"class_list":["post-2141","post","type-post","status-publish","format-standard","hentry","category-consumidor"],"_links":{"self":[{"href":"https:\/\/blogs.correiobraziliense.com.br\/consumidor\/wp-json\/wp\/v2\/posts\/2141","targetHints":{"allow":["GET"]}}],"collection":[{"href":"https:\/\/blogs.correiobraziliense.com.br\/consumidor\/wp-json\/wp\/v2\/posts"}],"about":[{"href":"https:\/\/blogs.correiobraziliense.com.br\/consumidor\/wp-json\/wp\/v2\/types\/post"}],"author":[{"embeddable":true,"href":"https:\/\/blogs.correiobraziliense.com.br\/consumidor\/wp-json\/wp\/v2\/users\/28"}],"replies":[{"embeddable":true,"href":"https:\/\/blogs.correiobraziliense.com.br\/consumidor\/wp-json\/wp\/v2\/comments?post=2141"}],"version-history":[{"count":1,"href":"https:\/\/blogs.correiobraziliense.com.br\/consumidor\/wp-json\/wp\/v2\/posts\/2141\/revisions"}],"predecessor-version":[{"id":2142,"href":"https:\/\/blogs.correiobraziliense.com.br\/consumidor\/wp-json\/wp\/v2\/posts\/2141\/revisions\/2142"}],"wp:attachment":[{"href":"https:\/\/blogs.correiobraziliense.com.br\/consumidor\/wp-json\/wp\/v2\/media?parent=2141"}],"wp:term":[{"taxonomy":"category","embeddable":true,"href":"https:\/\/blogs.correiobraziliense.com.br\/consumidor\/wp-json\/wp\/v2\/categories?post=2141"},{"taxonomy":"post_tag","embeddable":true,"href":"https:\/\/blogs.correiobraziliense.com.br\/consumidor\/wp-json\/wp\/v2\/tags?post=2141"}],"curies":[{"name":"wp","href":"https:\/\/api.w.org\/{rel}","templated":true}]}}