{"id":2128,"date":"2017-11-24T16:51:29","date_gmt":"2017-11-24T18:51:29","guid":{"rendered":"https:\/\/blogs.correiobraziliense.com.br\/consumidor\/?p=2128"},"modified":"2017-11-24T16:51:29","modified_gmt":"2017-11-24T18:51:29","slug":"sem-black-friday-no-espaco-nasa-lanca-blackholefriday","status":"publish","type":"post","link":"https:\/\/blogs.correiobraziliense.com.br\/consumidor\/sem-black-friday-no-espaco-nasa-lanca-blackholefriday\/","title":{"rendered":"\u00a0Nasa brinca com a BlackFriday e fala de buracos negros"},"content":{"rendered":"<h4 style=\"text-align: left\">Sem Black Friday no espa\u00e7o, Nasa lan\u00e7a BlackHoleFriday<\/h4>\n<p style=\"text-align: left\">A NASA (National Aeronautics and Space Administration) fez uma brincadeira com a Black Friday em seu site e no perfil do Instagram ao dizer que, como no espa\u00e7o n\u00e3o tem shopping centers para aproveitar as promo\u00e7\u00f5es da Black Friday e o que resta aos astronautos, portanto, \u00e9 a BlackHoleFriday, ou seja, os buracos negros do espa\u00e7o.<\/p>\n<p>&#8220;Pode ser o feriado de compras Black Friday, mas, para n\u00f3s, a vers\u00e3o espacial \u00e9 a 5\u00aa\u00a0<a href=\"https:\/\/twitter.com\/search?l=&amp;q=%23BlackHoleFriday%20from%3ANASA\">#BlackHoleFriday<\/a>\u00a0anual&#8221;.<\/p>\n<p>A ag\u00eancia espacial americana usou as redes sociais para explicar o que s\u00e3o buracos negros e divulgar imagens dos objetos &#8220;que s\u00e3o, para muitos os mais fascinantes objetos do espa\u00e7o&#8221;.<\/p>\n<p style=\"text-align: left\">\n<pre id=\"tw-target-text\" class=\"tw-data-text tw-ta tw-text-small\"><a href=\"https:\/\/blogs.correiobraziliense.com.br\/consumidor\/wp-content\/uploads\/sites\/11\/2017\/11\/Nasa.jpg\" rel=\"attachment wp-att-2130\"><img loading=\"lazy\" decoding=\"async\" class=\"size-full wp-image-2130 aligncenter\" src=\"https:\/\/blogs.correiobraziliense.com.br\/consumidor\/wp-content\/uploads\/sites\/11\/2017\/11\/Nasa.jpg\" alt=\"Nasa\" width=\"300\" height=\"533\" srcset=\"https:\/\/blogs.correiobraziliense.com.br\/consumidor\/wp-content\/uploads\/sites\/11\/2017\/11\/Nasa.jpg 300w, https:\/\/blogs.correiobraziliense.com.br\/consumidor\/wp-content\/uploads\/sites\/11\/2017\/11\/Nasa-169x300.jpg 169w, https:\/\/blogs.correiobraziliense.com.br\/consumidor\/wp-content\/uploads\/sites\/11\/2017\/11\/Nasa-197x350.jpg 197w, https:\/\/blogs.correiobraziliense.com.br\/consumidor\/wp-content\/uploads\/sites\/11\/2017\/11\/Nasa-230x409.jpg 230w\" sizes=\"auto, (max-width: 300px) 100vw, 300px\" \/><\/a><\/pre>\n","protected":false},"excerpt":{"rendered":"<p>Sem Black Friday no espa\u00e7o, Nasa lan\u00e7a BlackHoleFriday A NASA (National Aeronautics and Space Administration) fez uma brincadeira com a Black Friday em seu site e no perfil do Instagram ao dizer que, como no espa\u00e7o n\u00e3o tem shopping centers para aproveitar as promo\u00e7\u00f5es da Black Friday e o que resta aos astronautos, portanto, \u00e9 a BlackHoleFriday, ou seja, os [&hellip;]<\/p>\n","protected":false},"author":28,"featured_media":0,"comment_status":"open","ping_status":"closed","sticky":false,"template":"","format":"standard","meta":{"footnotes":""},"categories":[144],"tags":[],"class_list":["post-2128","post","type-post","status-publish","format-standard","hentry","category-consumidor"],"_links":{"self":[{"href":"https:\/\/blogs.correiobraziliense.com.br\/consumidor\/wp-json\/wp\/v2\/posts\/2128","targetHints":{"allow":["GET"]}}],"collection":[{"href":"https:\/\/blogs.correiobraziliense.com.br\/consumidor\/wp-json\/wp\/v2\/posts"}],"about":[{"href":"https:\/\/blogs.correiobraziliense.com.br\/consumidor\/wp-json\/wp\/v2\/types\/post"}],"author":[{"embeddable":true,"href":"https:\/\/blogs.correiobraziliense.com.br\/consumidor\/wp-json\/wp\/v2\/users\/28"}],"replies":[{"embeddable":true,"href":"https:\/\/blogs.correiobraziliense.com.br\/consumidor\/wp-json\/wp\/v2\/comments?post=2128"}],"version-history":[{"count":2,"href":"https:\/\/blogs.correiobraziliense.com.br\/consumidor\/wp-json\/wp\/v2\/posts\/2128\/revisions"}],"predecessor-version":[{"id":2131,"href":"https:\/\/blogs.correiobraziliense.com.br\/consumidor\/wp-json\/wp\/v2\/posts\/2128\/revisions\/2131"}],"wp:attachment":[{"href":"https:\/\/blogs.correiobraziliense.com.br\/consumidor\/wp-json\/wp\/v2\/media?parent=2128"}],"wp:term":[{"taxonomy":"category","embeddable":true,"href":"https:\/\/blogs.correiobraziliense.com.br\/consumidor\/wp-json\/wp\/v2\/categories?post=2128"},{"taxonomy":"post_tag","embeddable":true,"href":"https:\/\/blogs.correiobraziliense.com.br\/consumidor\/wp-json\/wp\/v2\/tags?post=2128"}],"curies":[{"name":"wp","href":"https:\/\/api.w.org\/{rel}","templated":true}]}}