{"id":2121,"date":"2017-11-16T06:00:29","date_gmt":"2017-11-16T08:00:29","guid":{"rendered":"https:\/\/blogs.correiobraziliense.com.br\/consumidor\/?p=2121"},"modified":"2017-11-15T17:34:15","modified_gmt":"2017-11-15T19:34:15","slug":"leitor-reclama-da-qualidade-do-servico-oferecido-pela-vivo","status":"publish","type":"post","link":"https:\/\/blogs.correiobraziliense.com.br\/consumidor\/leitor-reclama-da-qualidade-do-servico-oferecido-pela-vivo\/","title":{"rendered":"Leitor reclama da qualidade do servi\u00e7o oferecido pela Vivo"},"content":{"rendered":"<p>O leitor Sandro Souza, 20 anos, reclama da qualidade da internet oferecida pela empresa Vivo. Segundo o morador de Samambaia Sul, o pre\u00e7o cobrado pelo servi\u00e7o est\u00e1 alto, considerando o mau funcionamento. \u201cTem quedas constantes na rede, oscila\u00e7\u00f5es no ping (tempo de resposta), o que afeta os usu\u00e1rios de programas ou jogos on line\u201d, afirmou.<\/p>\n<p><strong>Resposta da empresa<\/strong><\/p>\n<p>A Telef\u00f4nica Vivo informou que entrou em contato com o cliente para prestar os esclarecimentos necess\u00e1rios sobre o funcionamento do servi\u00e7o de banda larga. A Vivo acrescenta que mant\u00e9m \u00e0 disposi\u00e7\u00e3o de seus clientes as Centrais de Atendimento por meio do *8486 (liga\u00e7\u00f5es por celular) ou 1058 (liga\u00e7\u00f5es do fixo para informa\u00e7\u00f5es da linha m\u00f3vel ou do fixa. Complementam que o servi\u00e7o funciona 24 horas nos sete dias da semana. Al\u00e9m do site: www.vivo.com.br (Fixo S\u00e3o Paulo e M\u00f3vel).<\/p>\n<p><strong>Coment\u00e1rio do consumidor<\/strong><\/p>\n<p>&#8220;Realmente me contataram mas eu n\u00e3o pude atender e eles n\u00e3o retornaram a liga\u00e7\u00e3o. Liguei nestes n\u00fameros que disponibilizaram mas n\u00e3o resolveran o problema.&#8221;<\/p>\n<p><strong>Problemas com a empresa? Denuncie.\u00a0<\/strong><\/p>\n<p><a href=\"https:\/\/blogs.correiobraziliense.com.br\/consumidor\/wp-content\/uploads\/sites\/11\/2016\/11\/Celular.jpg\" rel=\"attachment wp-att-1613\"><img loading=\"lazy\" decoding=\"async\" class=\"alignnone size-full wp-image-1613\" src=\"https:\/\/blogs.correiobraziliense.com.br\/consumidor\/wp-content\/uploads\/sites\/11\/2016\/11\/Celular.jpg\" alt=\"Celular\" width=\"360\" height=\"134\" srcset=\"https:\/\/blogs.correiobraziliense.com.br\/consumidor\/wp-content\/uploads\/sites\/11\/2016\/11\/Celular.jpg 360w, https:\/\/blogs.correiobraziliense.com.br\/consumidor\/wp-content\/uploads\/sites\/11\/2016\/11\/Celular-300x112.jpg 300w, https:\/\/blogs.correiobraziliense.com.br\/consumidor\/wp-content\/uploads\/sites\/11\/2016\/11\/Celular-350x130.jpg 350w, https:\/\/blogs.correiobraziliense.com.br\/consumidor\/wp-content\/uploads\/sites\/11\/2016\/11\/Celular-230x86.jpg 230w\" sizes=\"auto, (max-width: 360px) 100vw, 360px\" \/><\/a><\/p>\n","protected":false},"excerpt":{"rendered":"<p>O leitor Sandro Souza, 20 anos, reclama da qualidade da internet oferecida pela empresa Vivo. Segundo o morador de Samambaia Sul, o pre\u00e7o cobrado pelo servi\u00e7o est\u00e1 alto, considerando o mau funcionamento. \u201cTem quedas constantes na rede, oscila\u00e7\u00f5es no ping (tempo de resposta), o que afeta os usu\u00e1rios de programas ou jogos on line\u201d, afirmou. Resposta da empresa A Telef\u00f4nica [&hellip;]<\/p>\n","protected":false},"author":28,"featured_media":0,"comment_status":"open","ping_status":"closed","sticky":false,"template":"","format":"standard","meta":{"footnotes":""},"categories":[144],"tags":[],"class_list":["post-2121","post","type-post","status-publish","format-standard","hentry","category-consumidor"],"_links":{"self":[{"href":"https:\/\/blogs.correiobraziliense.com.br\/consumidor\/wp-json\/wp\/v2\/posts\/2121","targetHints":{"allow":["GET"]}}],"collection":[{"href":"https:\/\/blogs.correiobraziliense.com.br\/consumidor\/wp-json\/wp\/v2\/posts"}],"about":[{"href":"https:\/\/blogs.correiobraziliense.com.br\/consumidor\/wp-json\/wp\/v2\/types\/post"}],"author":[{"embeddable":true,"href":"https:\/\/blogs.correiobraziliense.com.br\/consumidor\/wp-json\/wp\/v2\/users\/28"}],"replies":[{"embeddable":true,"href":"https:\/\/blogs.correiobraziliense.com.br\/consumidor\/wp-json\/wp\/v2\/comments?post=2121"}],"version-history":[{"count":1,"href":"https:\/\/blogs.correiobraziliense.com.br\/consumidor\/wp-json\/wp\/v2\/posts\/2121\/revisions"}],"predecessor-version":[{"id":2122,"href":"https:\/\/blogs.correiobraziliense.com.br\/consumidor\/wp-json\/wp\/v2\/posts\/2121\/revisions\/2122"}],"wp:attachment":[{"href":"https:\/\/blogs.correiobraziliense.com.br\/consumidor\/wp-json\/wp\/v2\/media?parent=2121"}],"wp:term":[{"taxonomy":"category","embeddable":true,"href":"https:\/\/blogs.correiobraziliense.com.br\/consumidor\/wp-json\/wp\/v2\/categories?post=2121"},{"taxonomy":"post_tag","embeddable":true,"href":"https:\/\/blogs.correiobraziliense.com.br\/consumidor\/wp-json\/wp\/v2\/tags?post=2121"}],"curies":[{"name":"wp","href":"https:\/\/api.w.org\/{rel}","templated":true}]}}