{"id":2071,"date":"2017-10-15T06:40:32","date_gmt":"2017-10-15T08:40:32","guid":{"rendered":"https:\/\/blogs.correiobraziliense.com.br\/consumidor\/?p=2071"},"modified":"2017-10-14T11:44:21","modified_gmt":"2017-10-14T14:44:21","slug":"consumidora-reclama-de-atendimento-ruim-em-loja-de-cosmeticos","status":"publish","type":"post","link":"https:\/\/blogs.correiobraziliense.com.br\/consumidor\/consumidora-reclama-de-atendimento-ruim-em-loja-de-cosmeticos\/","title":{"rendered":"Consumidora reclama de atendimento ruim em loja de cosm\u00e9ticos"},"content":{"rendered":"<p>Ranny Guedes, 36 anos, reclamou que foi \u00e0 loja de cosm\u00e9ticos Bella Bruna, em \u00c1guas Claras, e n\u00e3o foi bem atendida. A leitora relata que passou em frente \u00e0 loja, que chamou a aten\u00e7\u00e3o dela, e resolveu conhec\u00ea-la. \u201cEu perguntei sobre um produto para a vendedora e, quando ela perguntou se eu levaria e eu disse que n\u00e3o, ela virou as costas e me deixou sozinha\u201d, comenta. Ranny conta que isso a chateou, \u201cMe senti sem valor. N\u00e3o \u00e9 porque n\u00e3o levaria na hora que n\u00e3o poderia comprar alguma coisa da loja outro dia. Eu me arrependo de n\u00e3o ter chamado o gerente\u201d, completa.<\/p>\n<p><strong>Resposta da empresa<\/strong><\/p>\n<p>A empresa se desculpou e informou que vai apurar os fatos. Afirmou que gostaria que a cliente voltasse \u00e0 loja para que a falha ocorrida fosse reparada.<\/p>\n<p><strong>Coment\u00e1rio da consumidora<\/strong><\/p>\n<p>&#8220;A empresa, como qualquer outra, deveria treinar os vendedores a atender bem qualquer pessoa, comprando ou n\u00e3o na loja. N\u00f3s, clientes, voltamos \u00e0 loja devido ao bom atendimento.&#8221;<\/p>\n<p><strong>Problemas com a empresa? Denuncie.<\/strong><\/p>\n<p><a href=\"https:\/\/blogs.correiobraziliense.com.br\/consumidor\/wp-content\/uploads\/sites\/11\/2016\/11\/Celular.jpg\" rel=\"attachment wp-att-1613\"><img loading=\"lazy\" decoding=\"async\" class=\"alignnone size-full wp-image-1613\" src=\"https:\/\/blogs.correiobraziliense.com.br\/consumidor\/wp-content\/uploads\/sites\/11\/2016\/11\/Celular.jpg\" alt=\"Celular\" width=\"360\" height=\"134\" srcset=\"https:\/\/blogs.correiobraziliense.com.br\/consumidor\/wp-content\/uploads\/sites\/11\/2016\/11\/Celular.jpg 360w, https:\/\/blogs.correiobraziliense.com.br\/consumidor\/wp-content\/uploads\/sites\/11\/2016\/11\/Celular-300x112.jpg 300w, https:\/\/blogs.correiobraziliense.com.br\/consumidor\/wp-content\/uploads\/sites\/11\/2016\/11\/Celular-350x130.jpg 350w, https:\/\/blogs.correiobraziliense.com.br\/consumidor\/wp-content\/uploads\/sites\/11\/2016\/11\/Celular-230x86.jpg 230w\" sizes=\"auto, (max-width: 360px) 100vw, 360px\" \/><\/a><\/p>\n","protected":false},"excerpt":{"rendered":"<p>Ranny Guedes, 36 anos, reclamou que foi \u00e0 loja de cosm\u00e9ticos Bella Bruna, em \u00c1guas Claras, e n\u00e3o foi bem atendida. A leitora relata que passou em frente \u00e0 loja, que chamou a aten\u00e7\u00e3o dela, e resolveu conhec\u00ea-la. \u201cEu perguntei sobre um produto para a vendedora e, quando ela perguntou se eu levaria e eu disse que n\u00e3o, ela virou [&hellip;]<\/p>\n","protected":false},"author":28,"featured_media":0,"comment_status":"open","ping_status":"closed","sticky":false,"template":"","format":"standard","meta":{"footnotes":""},"categories":[144],"tags":[],"class_list":["post-2071","post","type-post","status-publish","format-standard","hentry","category-consumidor"],"_links":{"self":[{"href":"https:\/\/blogs.correiobraziliense.com.br\/consumidor\/wp-json\/wp\/v2\/posts\/2071","targetHints":{"allow":["GET"]}}],"collection":[{"href":"https:\/\/blogs.correiobraziliense.com.br\/consumidor\/wp-json\/wp\/v2\/posts"}],"about":[{"href":"https:\/\/blogs.correiobraziliense.com.br\/consumidor\/wp-json\/wp\/v2\/types\/post"}],"author":[{"embeddable":true,"href":"https:\/\/blogs.correiobraziliense.com.br\/consumidor\/wp-json\/wp\/v2\/users\/28"}],"replies":[{"embeddable":true,"href":"https:\/\/blogs.correiobraziliense.com.br\/consumidor\/wp-json\/wp\/v2\/comments?post=2071"}],"version-history":[{"count":2,"href":"https:\/\/blogs.correiobraziliense.com.br\/consumidor\/wp-json\/wp\/v2\/posts\/2071\/revisions"}],"predecessor-version":[{"id":2073,"href":"https:\/\/blogs.correiobraziliense.com.br\/consumidor\/wp-json\/wp\/v2\/posts\/2071\/revisions\/2073"}],"wp:attachment":[{"href":"https:\/\/blogs.correiobraziliense.com.br\/consumidor\/wp-json\/wp\/v2\/media?parent=2071"}],"wp:term":[{"taxonomy":"category","embeddable":true,"href":"https:\/\/blogs.correiobraziliense.com.br\/consumidor\/wp-json\/wp\/v2\/categories?post=2071"},{"taxonomy":"post_tag","embeddable":true,"href":"https:\/\/blogs.correiobraziliense.com.br\/consumidor\/wp-json\/wp\/v2\/tags?post=2071"}],"curies":[{"name":"wp","href":"https:\/\/api.w.org\/{rel}","templated":true}]}}