{"id":2060,"date":"2017-10-13T16:01:49","date_gmt":"2017-10-13T19:01:49","guid":{"rendered":"https:\/\/blogs.correiobraziliense.com.br\/consumidor\/?p=2060"},"modified":"2017-10-13T16:06:35","modified_gmt":"2017-10-13T19:06:35","slug":"30-dos-cadastrados-no-nota-legal-nao-estao-aptos-participar-do-sorteio","status":"publish","type":"post","link":"https:\/\/blogs.correiobraziliense.com.br\/consumidor\/30-dos-cadastrados-no-nota-legal-nao-estao-aptos-participar-do-sorteio\/","title":{"rendered":"30% dos cadastrados no Nota Legal n\u00e3o est\u00e3o aptos a participar do sorteio"},"content":{"rendered":"<h4>Secretaria de Fazenda estende prazo para regulariza\u00e7\u00e3o de contribuintes<\/h4>\n<p><a href=\"https:\/\/blogs.correiobraziliense.com.br\/consumidor\/wp-content\/uploads\/sites\/11\/2017\/10\/CBPFOT210920170843.jpg\" rel=\"attachment wp-att-2061\"><img loading=\"lazy\" decoding=\"async\" class=\"wp-image-2061 aligncenter\" src=\"https:\/\/blogs.correiobraziliense.com.br\/consumidor\/wp-content\/uploads\/sites\/11\/2017\/10\/CBPFOT210920170843.jpg\" alt=\"CBPFOT210920170843\" width=\"486\" height=\"323\" srcset=\"https:\/\/blogs.correiobraziliense.com.br\/consumidor\/wp-content\/uploads\/sites\/11\/2017\/10\/CBPFOT210920170843.jpg 800w, https:\/\/blogs.correiobraziliense.com.br\/consumidor\/wp-content\/uploads\/sites\/11\/2017\/10\/CBPFOT210920170843-300x200.jpg 300w, https:\/\/blogs.correiobraziliense.com.br\/consumidor\/wp-content\/uploads\/sites\/11\/2017\/10\/CBPFOT210920170843-768x511.jpg 768w, https:\/\/blogs.correiobraziliense.com.br\/consumidor\/wp-content\/uploads\/sites\/11\/2017\/10\/CBPFOT210920170843-350x233.jpg 350w, https:\/\/blogs.correiobraziliense.com.br\/consumidor\/wp-content\/uploads\/sites\/11\/2017\/10\/CBPFOT210920170843-550x366.jpg 550w, https:\/\/blogs.correiobraziliense.com.br\/consumidor\/wp-content\/uploads\/sites\/11\/2017\/10\/CBPFOT210920170843-230x153.jpg 230w\" sizes=\"auto, (max-width: 486px) 100vw, 486px\" \/><\/a><br \/>\nO<a href=\"https:\/\/blogs.correiobraziliense.com.br\/consumidor\/nota-legal-vai-sortear-6-milhoes-em-premios\/\" target=\"_blank\"> sorteio de pr\u00eamios<\/a> do programa Nota Legal ser\u00e1 no pr\u00f3ximo dia 20 de novembro e 30,4% dos contribuintes cadastrados n\u00e3o podem participar do concurso. Levantamento da Secretaria de Fazenda aponta que, dos 1.093.861 registrados, 332.859 mil est\u00e3o irregulares &#8211; eles t\u00eam d\u00edvidas com o governo do Distrito Federal e, para se habilitarem \u00e0 premia\u00e7\u00e3o, ter\u00e3o de acertar as pend\u00eancias.<\/p>\n<p>Para aumentar a ades\u00e3o de participantes, o prazo para acerto das pend\u00eancias foi prorrogado de 6 de outubro para o dia 20 de outubro.<\/p>\n<p>Os interessados em consultar a situa\u00e7\u00e3o fiscal podem acessar a \u00e1rea restrita do <a href=\"http:\/\/www.notalegal.df.gov.br\" target=\"_blank\">site<\/a> do Nota Legal onde ser\u00e1 poss\u00edvel consultar os valores em aberto e imprimir os boletos para pagamento.<\/p>\n<p>&nbsp;<\/p>\n","protected":false},"excerpt":{"rendered":"<p>Secretaria de Fazenda estende prazo para regulariza\u00e7\u00e3o de contribuintes O sorteio de pr\u00eamios do programa Nota Legal ser\u00e1 no pr\u00f3ximo dia 20 de novembro e 30,4% dos contribuintes cadastrados n\u00e3o podem participar do concurso. Levantamento da Secretaria de Fazenda aponta que, dos 1.093.861 registrados, 332.859 mil est\u00e3o irregulares &#8211; eles t\u00eam d\u00edvidas com o governo do Distrito Federal e, para [&hellip;]<\/p>\n","protected":false},"author":28,"featured_media":0,"comment_status":"open","ping_status":"closed","sticky":false,"template":"","format":"standard","meta":{"footnotes":""},"categories":[144],"tags":[],"class_list":["post-2060","post","type-post","status-publish","format-standard","hentry","category-consumidor"],"_links":{"self":[{"href":"https:\/\/blogs.correiobraziliense.com.br\/consumidor\/wp-json\/wp\/v2\/posts\/2060","targetHints":{"allow":["GET"]}}],"collection":[{"href":"https:\/\/blogs.correiobraziliense.com.br\/consumidor\/wp-json\/wp\/v2\/posts"}],"about":[{"href":"https:\/\/blogs.correiobraziliense.com.br\/consumidor\/wp-json\/wp\/v2\/types\/post"}],"author":[{"embeddable":true,"href":"https:\/\/blogs.correiobraziliense.com.br\/consumidor\/wp-json\/wp\/v2\/users\/28"}],"replies":[{"embeddable":true,"href":"https:\/\/blogs.correiobraziliense.com.br\/consumidor\/wp-json\/wp\/v2\/comments?post=2060"}],"version-history":[{"count":3,"href":"https:\/\/blogs.correiobraziliense.com.br\/consumidor\/wp-json\/wp\/v2\/posts\/2060\/revisions"}],"predecessor-version":[{"id":2064,"href":"https:\/\/blogs.correiobraziliense.com.br\/consumidor\/wp-json\/wp\/v2\/posts\/2060\/revisions\/2064"}],"wp:attachment":[{"href":"https:\/\/blogs.correiobraziliense.com.br\/consumidor\/wp-json\/wp\/v2\/media?parent=2060"}],"wp:term":[{"taxonomy":"category","embeddable":true,"href":"https:\/\/blogs.correiobraziliense.com.br\/consumidor\/wp-json\/wp\/v2\/categories?post=2060"},{"taxonomy":"post_tag","embeddable":true,"href":"https:\/\/blogs.correiobraziliense.com.br\/consumidor\/wp-json\/wp\/v2\/tags?post=2060"}],"curies":[{"name":"wp","href":"https:\/\/api.w.org\/{rel}","templated":true}]}}